{"id":2576,"date":"2019-11-04T10:00:46","date_gmt":"2019-11-04T10:00:46","guid":{"rendered":"\/magazine\/?p=2576"},"modified":"2022-06-15T07:31:30","modified_gmt":"2022-06-15T07:31:30","slug":"malmo%e2%80%92kopenhamn","status":"publish","type":"post","link":"https:\/\/www.sixt.se\/magazine\/resa\/malmo%e2%80%92kopenhamn\/","title":{"rendered":"Malm\u00f6 \u2013 K\u00f6penhamn, och bron mot kontinenten \u2764\ufe0f"},"content":{"rendered":"\n<p><strong>\u00d6resundsbron f\u00f6rbinder Malm\u00f6 och det svenska fastlandet med <a href=\"..\/magazine\/resa\/kopenhamn-%e2%80%92-malmo-och-bron-mot-kontinenten\/\">K\u00f6penhamn<\/a>, Danmark och kontinenten. Inv\u00e5narna i regionen har f\u00f6r l\u00e4nge sedan insett f\u00f6rdelarna med bron, men vad finns egentligen att se, g\u00f6ra och uppleva i Malm\u00f6 och K\u00f6penhamn? Hyr en bil, g\u00f6r ett bes\u00f6k i tv\u00e5 l\u00e4nder \u2012 och f\u00e5 en spektakul\u00e4r broupplevelse p\u00e5 k\u00f6pet. Det h\u00e4r \u00e4r del 1 av 2 om dessa tv\u00e5 st\u00e4der och l\u00e4nken mellan dem. V\u00e4lkommen till Malm\u00f6!<\/strong><\/p>\n\n\n<p style=\"text-align: center\"><a class=\"button small\" href=\"https:\/\/www.sixt.se\/biluthyrning\/sverige\/malmoe\" target=\"_blank\" rel=\"noopener noreferrer\">Boka hyrbil hos Sixt i Malm\u00f6<\/a><\/p>\n\n\n<div class=\"wp-block-image\"><figure class=\"aligncenter size-full\"><img decoding=\"async\" width=\"1200\" height=\"800\" data-src=\"https:\/\/se.sx-magazine-wp.sixt.io\/magazine\/wp-content\/uploads\/sites\/14\/2019\/10\/john-flygare-G8dADlsYMrE-unsplash_1200.jpg\" alt=\"Davidshallsbron i centrala Malm\u00f6 \/  Foto: John Flygare \" class=\"wp-image-2877 lazyload\" data-srcset=\"https:\/\/www.sixt.se\/magazine\/wp-content\/uploads\/\/sites\/14\/2019\/10\/john-flygare-G8dADlsYMrE-unsplash_1200.jpg 1200w, https:\/\/www.sixt.se\/magazine\/wp-content\/uploads\/\/sites\/14\/2019\/10\/john-flygare-G8dADlsYMrE-unsplash_1200-300x200.jpg 300w, https:\/\/www.sixt.se\/magazine\/wp-content\/uploads\/\/sites\/14\/2019\/10\/john-flygare-G8dADlsYMrE-unsplash_1200-768x512.jpg 768w, https:\/\/www.sixt.se\/magazine\/wp-content\/uploads\/\/sites\/14\/2019\/10\/john-flygare-G8dADlsYMrE-unsplash_1200-1024x683.jpg 1024w\" data-sizes=\"(max-width: 1200px) 100vw, 1200px\" src=\"data:image\/svg+xml;base64,PHN2ZyB3aWR0aD0iMSIgaGVpZ2h0PSIxIiB4bWxucz0iaHR0cDovL3d3dy53My5vcmcvMjAwMC9zdmciPjwvc3ZnPg==\" style=\"--smush-placeholder-width: 1200px; --smush-placeholder-aspect-ratio: 1200\/800;\" \/><figcaption>Davidshallsbron i centrala Malm\u00f6 \/  Foto:&nbsp;<a href=\"https:\/\/unsplash.com\/@johnflygare?utm_source=unsplash&amp;utm_medium=referral&amp;utm_content=creditCopyText\">John Flygare<\/a>&nbsp;<br><br><\/figcaption><\/figure><\/div>\n\n\n\n<h2 class=\"wp-block-heading\"><strong>Kort Malm\u00f6historik<\/strong><\/h2>\n\n\n\n<p>Malm\u00f6 \u00e4r k\u00e4nd som arbetar- och milit\u00e4rstad. Sedan 1800-talet har flertalet regementen, flottiljer och k\u00e5rer legat stationerade i och omkring staden.  Vid ungef\u00e4r samma tidpunkt v\u00e4xte m\u00e5nga industrier fram, vilket gav Malm\u00f6 epitetet &#8220;arbetarstad&#8221;, och fr\u00e5n mitten av 1970-talet var <strong>Kockumskranen <\/strong>det som dominerade stadsbilden. Sedan man monterade ner den 2002 har annat tagit \u00f6ver, med <strong>Turning Torso<\/strong> som det mest i\u00f6gonenfallande exemplet. P\u00e5 grund av stadens l\u00e4ge \u00e4r Malm\u00f6 av idag en sp\u00e4nnande sm\u00e4ltdegel av olika kulturer och detta m\u00e5ngfald smittar inte minst av sig p\u00e5 utbudet av restauranger och matr\u00e4tter. H\u00e4r kan du njuta b\u00e5de en Michelinklassad m\u00e5ltid och uts\u00f6kt streetfood p\u00e5 en och samma dag. Malm\u00f6borna \u00e4r f\u00f6rst\u00e5s oerh\u00f6rt stolta \u00f6ver &#8220;stadens son&#8221; <strong>Zlatan Ibrahimovi\u0107<\/strong> som givetvis betytt mycket f\u00f6r fotbollen, men ocks\u00e5 f\u00f6r exempelvis bes\u00f6ksn\u00e4ringen.<\/p>\n\n\n\n<h3 class=\"wp-block-heading\">M\u00e5nga intressanta museer i Malm\u00f6<\/h3>\n\n\n\n<p>En sev\u00e4rdhet v\u00e4l v\u00e4rd att bes\u00f6ka \u00e4r <strong>Malm\u00f6hus slott<\/strong>. Slottet \u00e4r byggt i ren\u00e4ssansstil, som en f\u00f6rsvarspost mot anfall fr\u00e5n havet, och har b\u00e5de skyddsvallar och vallgrav. I dag hittar du <a rel=\"noreferrer noopener\" aria-label=\"Malm\u00f6 museer (\u00f6ppnas i en ny flik)\" href=\"https:\/\/malmo.se\/Uppleva-och-gora\/Besoksmal\/Malmo-Museer.html\" target=\"_blank\">Malm\u00f6 museer<\/a> inhysta h\u00e4r och du kan bes\u00f6ka <a rel=\"noreferrer noopener\" aria-label=\"Malm\u00f6 Konstmuseum (\u00f6ppnas i en ny flik)\" href=\"https:\/\/malmo.se\/Uppleva-och-gora\/Besoksmal\/Malmo-Konstmuseum.html\" target=\"_blank\">Malm\u00f6 Konstmuseum<\/a>, fika p\u00e5 intilliggande <strong>Kommendanthusets caf\u00e9<\/strong>, handla f\u00e4rsk fisk i <strong>Fiskehoddorna <\/strong>och se 1800-talsv\u00e4derkvarnen <strong>Slottsm\u00f6llan<\/strong>. Inte l\u00e5ngt ifr\u00e5n ligger \u00e4ven <a rel=\"noreferrer noopener\" aria-label=\"Teknikens och Sj\u00f6fartens hus (\u00f6ppnas i en ny flik)\" href=\"https:\/\/malmo.se\/Uppleva-och-gora\/Besoksmal\/Malmo-Museer\/Aktuella-utstallningar\/Teknikens-och-Sjofartens-hus.html\" target=\"_blank\">Teknikens och Sj\u00f6fartens hus<\/a> d\u00e4r du kan kliva ombord p\u00e5 <strong>den svensktillverkade u-b\u00e5ten U3<\/strong>. Konstintresserade ska f\u00f6rst\u00e5s inte missa att upps\u00f6ka <a rel=\"noreferrer noopener\" aria-label=\"Moderna Museet Malm\u00f6 (\u00f6ppnas i en ny flik)\" href=\"https:\/\/www.modernamuseet.se\/malmo\/sv\/\" target=\"_blank\">Moderna Museet Malm\u00f6<\/a> f\u00f6r det senaste inom samtidskonsten. Och gillar du lite bisarra upplevelser kan du \u00e4ven g\u00e5 till <a rel=\"noreferrer noopener\" aria-label=\"Disgusting Food Museum (\u00f6ppnas i en ny flik)\" href=\"https:\/\/disgustingfoodmuseum.com\/malmo_swe\/\" target=\"_blank\">Disgusting Food Museum<\/a> och ta del av v\u00e4rldens \u00e4ckligaste mat.<\/p>\n\n\n\n<div class=\"wp-block-image\"><figure class=\"aligncenter size-full\"><img decoding=\"async\" width=\"1200\" height=\"674\" data-src=\"https:\/\/se.sx-magazine-wp.sixt.io\/magazine\/wp-content\/uploads\/sites\/14\/2019\/10\/pontus-ohlsson-oLVwyChOWBY-unsplash_red.jpg\" alt=\"V\u00e4stra hamnen i Malm\u00f6 med Turning Torso \/ Foto: Pontus Ohlsson p\u00e5 Unsplash\" class=\"wp-image-2605 lazyload\" data-srcset=\"https:\/\/www.sixt.se\/magazine\/wp-content\/uploads\/\/sites\/14\/2019\/10\/pontus-ohlsson-oLVwyChOWBY-unsplash_red.jpg 1200w, https:\/\/www.sixt.se\/magazine\/wp-content\/uploads\/\/sites\/14\/2019\/10\/pontus-ohlsson-oLVwyChOWBY-unsplash_red-300x169.jpg 300w, https:\/\/www.sixt.se\/magazine\/wp-content\/uploads\/\/sites\/14\/2019\/10\/pontus-ohlsson-oLVwyChOWBY-unsplash_red-768x431.jpg 768w, https:\/\/www.sixt.se\/magazine\/wp-content\/uploads\/\/sites\/14\/2019\/10\/pontus-ohlsson-oLVwyChOWBY-unsplash_red-1024x575.jpg 1024w, https:\/\/www.sixt.se\/magazine\/wp-content\/uploads\/\/sites\/14\/2019\/10\/pontus-ohlsson-oLVwyChOWBY-unsplash_red-750x420.jpg 750w\" data-sizes=\"(max-width: 1200px) 100vw, 1200px\" src=\"data:image\/svg+xml;base64,PHN2ZyB3aWR0aD0iMSIgaGVpZ2h0PSIxIiB4bWxucz0iaHR0cDovL3d3dy53My5vcmcvMjAwMC9zdmciPjwvc3ZnPg==\" style=\"--smush-placeholder-width: 1200px; --smush-placeholder-aspect-ratio: 1200\/674;\" \/><figcaption>V\u00e4stra hamnen i Malm\u00f6 med Turning Torso \/ Foto:&nbsp;<a href=\"https:\/\/unsplash.com\/@pontus?utm_source=unsplash&amp;utm_medium=referral&amp;utm_content=creditCopyText\">Pontus Ohlsson<\/a><br><br><\/figcaption><\/figure><\/div>\n\n\n\n<h3 class=\"wp-block-heading\">Malm\u00f6 och tv-serien Bron<\/h3>\n\n\n\n<p>Tv-serien <a rel=\"noreferrer noopener\" href=\"https:\/\/sv.wikipedia.org\/wiki\/Bron_(TV-serie)\" target=\"_blank\">Bron<\/a> har i m\u00e5ngt och mycket satt Malm\u00f6 p\u00e5 kartan internationellt. Poliserna Saga Nor\u00e9n, Martin Rohde och Henrik Sabroe har blivit om\u00e5ttligt popul\u00e4ra och med dem olika stadsdelar och sev\u00e4rdheter, mest i Malm\u00f6 men \u00e4ven i K\u00f6penhamn. En av platserna \u00e4r <strong>v\u00e4stra hamnen <\/strong>och Turning Torso. Det \u00e4r i det h\u00e4r omr\u00e5det som Saga har sin l\u00e4genhet. <strong>Turning Torso \u00e4r en ber\u00f6md &#8220;skruvad&#8221; byggnad<\/strong> som stod klar 2005. Den \u00e4r till st\u00f6rsta delen fylld av l\u00e4genheter, men har \u00e4ven kontorslokaler l\u00e4ngst ned och en konferensdel h\u00f6gst upp. Det g\u00e5r att bes\u00f6ka de \u00f6versta v\u00e5ningarna <a rel=\"noreferrer noopener\" aria-label=\"bokning (\u00f6ppnas i en ny flik)\" href=\"https:\/\/skyhighmeetings.com\/studiebesok\/\" target=\"_blank\">enligt bokning<\/a>.<\/p>\n\n\n\n<blockquote class=\"wp-block-quote is-layout-flow wp-block-quote-is-layout-flow\"><p><strong>BES\u00d6K BRONS INSPELNINGSPLATSER: <\/strong><br>Om du gillar tv- serien Bron kan du l\u00e4sa mer om den och bes\u00f6ka k\u00e4nda inspelningsplatser: <a rel=\"noreferrer noopener\" aria-label=\"Bron (\u00f6ppnas i en ny flik)\" href=\"https:\/\/visitskane.com\/sv\/classic-attractions\/bron\" target=\"_blank\">Visit Sk\u00e5ne\/Bron<\/a><\/p><\/blockquote>\n\n\n\n<div class=\"wp-block-image\"><figure class=\"aligncenter size-full\"><img decoding=\"async\" width=\"1200\" height=\"800\" data-src=\"https:\/\/se.sx-magazine-wp.sixt.io\/magazine\/wp-content\/uploads\/sites\/14\/2019\/10\/jonas-eriksson-N_5acdX_4u8-unsplash_1200.jpg\" alt=\"Kungsparken med utsikt \u00f6ver Slottsparken, Malm\u00f6 \/  Foto: Jonas Eriksson\" class=\"wp-image-2854 lazyload\" data-srcset=\"https:\/\/www.sixt.se\/magazine\/wp-content\/uploads\/\/sites\/14\/2019\/10\/jonas-eriksson-N_5acdX_4u8-unsplash_1200.jpg 1200w, https:\/\/www.sixt.se\/magazine\/wp-content\/uploads\/\/sites\/14\/2019\/10\/jonas-eriksson-N_5acdX_4u8-unsplash_1200-300x200.jpg 300w, https:\/\/www.sixt.se\/magazine\/wp-content\/uploads\/\/sites\/14\/2019\/10\/jonas-eriksson-N_5acdX_4u8-unsplash_1200-768x512.jpg 768w, https:\/\/www.sixt.se\/magazine\/wp-content\/uploads\/\/sites\/14\/2019\/10\/jonas-eriksson-N_5acdX_4u8-unsplash_1200-1024x683.jpg 1024w\" data-sizes=\"(max-width: 1200px) 100vw, 1200px\" src=\"data:image\/svg+xml;base64,PHN2ZyB3aWR0aD0iMSIgaGVpZ2h0PSIxIiB4bWxucz0iaHR0cDovL3d3dy53My5vcmcvMjAwMC9zdmciPjwvc3ZnPg==\" style=\"--smush-placeholder-width: 1200px; --smush-placeholder-aspect-ratio: 1200\/800;\" \/><figcaption>Kungsparken med utsikt \u00f6ver Slottsparken, Malm\u00f6 \/  Foto:&nbsp;<a href=\"https:\/\/unsplash.com\/@jonaseriksson?utm_source=unsplash&amp;utm_medium=referral&amp;utm_content=creditCopyText\">Jonas Eriksson<\/a><br><br><\/figcaption><\/figure><\/div>\n\n\n\n<h3 class=\"wp-block-heading\">Malm\u00f6 \u2012 Parkernas stad <\/h3>\n\n\n\n<p>I Malm\u00f6 kan du frossa i parker: <em>Pildammsparken<\/em>, <em>Kungsparken<\/em>, <em>Raoul Wallenbergs park<\/em>, <em>Augustenborgs botaniska taktr\u00e4dg\u00e5rd<\/em>, och f\u00f6rst\u00e5s <em>Folkets Park<\/em> \u2012 f\u00f6r att bara n\u00e4mna n\u00e5gra. Sammanlagt finns det 15 st\u00f6rre parker och de har alla sin egen karakt\u00e4r. Den \u00e4ldsta och en av de mest omtyckta parkerna \u00e4r <strong>Kungsparken<\/strong>. F\u00f6rst kallades den f\u00f6r <em>Slottsparken<\/em>, men bytte namn efter att kung Oscar II varit p\u00e5 bes\u00f6k. I parken st\u00e5r en <strong>ber\u00f6md font\u00e4n<\/strong> i gjutj\u00e4rn, och tv\u00e5 breda all\u00e9er leder in till mitten. En annan sev\u00e4rdhet \u00e4r den konstgjorda grottan fr\u00e5n 1869 med det modernare konstverket &#8220;Ormet&#8221;. I n\u00e4ra anslutning till Kungsparken ligger <strong>Casino Cosmopol<\/strong>, om du k\u00e4nner f\u00f6r att testa lyckan vid spelborden.<\/p>\n\n\n\n<blockquote class=\"wp-block-quote is-layout-flow wp-block-quote-is-layout-flow\"><p><strong>L\u00c4S MER OM MALM\u00d6S PARKER: <\/strong>Du kan hitta mer information om Malm\u00f6s parker p\u00e5 <a rel=\"noreferrer noopener\" aria-label=\"alltimalmo.se (\u00f6ppnas i en ny flik)\" href=\"https:\/\/www.alltimalmo.se\/allt-om-malmo\/parker\" target=\"_blank\">alltimalmo.se<\/a> och p\u00e5 <a rel=\"noreferrer noopener\" aria-label=\"malmo.se (\u00f6ppnas i en ny flik)\" href=\"https:\/\/malmo.se\/Uppleva-och-gora\/Arkitektur-och-kulturarv\/Kulturarv-Malmo\/P-S\/Parker.html\" target=\"_blank\">malmo.se<\/a>.<\/p><\/blockquote>\n\n\n\n<div class=\"wp-block-image\"><figure class=\"aligncenter size-full\"><img decoding=\"async\" width=\"1200\" height=\"800\" data-src=\"https:\/\/se.sx-magazine-wp.sixt.io\/magazine\/wp-content\/uploads\/sites\/14\/2019\/10\/prudence-earl-8F0I12ypHPA-unsplash_1200.jpg\" alt=\"Secondhandbutik \/ Foto: Prudence Earl fr\u00e5n Unsplash\" class=\"wp-image-2848 lazyload\" data-srcset=\"https:\/\/www.sixt.se\/magazine\/wp-content\/uploads\/\/sites\/14\/2019\/10\/prudence-earl-8F0I12ypHPA-unsplash_1200.jpg 1200w, https:\/\/www.sixt.se\/magazine\/wp-content\/uploads\/\/sites\/14\/2019\/10\/prudence-earl-8F0I12ypHPA-unsplash_1200-300x200.jpg 300w, https:\/\/www.sixt.se\/magazine\/wp-content\/uploads\/\/sites\/14\/2019\/10\/prudence-earl-8F0I12ypHPA-unsplash_1200-768x512.jpg 768w, https:\/\/www.sixt.se\/magazine\/wp-content\/uploads\/\/sites\/14\/2019\/10\/prudence-earl-8F0I12ypHPA-unsplash_1200-1024x683.jpg 1024w\" data-sizes=\"(max-width: 1200px) 100vw, 1200px\" src=\"data:image\/svg+xml;base64,PHN2ZyB3aWR0aD0iMSIgaGVpZ2h0PSIxIiB4bWxucz0iaHR0cDovL3d3dy53My5vcmcvMjAwMC9zdmciPjwvc3ZnPg==\" style=\"--smush-placeholder-width: 1200px; --smush-placeholder-aspect-ratio: 1200\/800;\" \/><figcaption>Secondhandbutik \/ Foto:&nbsp;<a href=\"https:\/\/unsplash.com\/@prudenceearl?utm_source=unsplash&amp;utm_medium=referral&amp;utm_content=creditCopyText\" target=\"_blank\" rel=\"noreferrer noopener\" aria-label=\" (\u00f6ppnas i en ny flik)\">Prudence Earl<\/a>&nbsp;<br><br><\/figcaption><\/figure><\/div>\n\n\n\n<h3 class=\"wp-block-heading\">Shoppingcenter och vintage<\/h3>\n\n\n\n<p>Vad har d\u00e5 Malm\u00f6 att erbjuda n\u00e4r det g\u00e4ller shopping? V\u00e4ldigt mycket faktiskt. Det beror p\u00e5 vad du \u00e4r ute efter. Om du gillar att shoppa kan du hitta ett flertal st\u00f6rre shoppingcenter i centrala stan. Malm\u00f6iterna st\u00e4mmer ofta tr\u00e4ff utanf\u00f6r <a rel=\"noreferrer noopener\" aria-label=\"Triangeln (\u00f6ppnas i en ny flik)\" href=\"https:\/\/www.triangeln.com\/\" target=\"_blank\">Triangeln<\/a> som \u00e4r den mest k\u00e4nda gallerian. H\u00e4rifr\u00e5n \u00e4r det l\u00e4tt att hitta och f\u00f6lja olika shoppinggator. Gallerian <strong>Emporia <\/strong>\u00e4r ocks\u00e5 intressant, inte minst p\u00e5 grund av den sp\u00e4nnande arkitekturen signerad <strong>Gerd Wing\u00e5rdh<\/strong>. Om du gillar <strong>vintage och secondhand<\/strong> kan du bes\u00f6ka Humana, Emmaus och flera mindre butiker. Ta en titt p\u00e5 <a rel=\"noreferrer noopener\" aria-label=\"vintagekartan (\u00f6ppnas i en ny flik)\" href=\"https:\/\/www.vintagekartan.se\/Malm%C3%B6\/\" target=\"_blank\">vintagekartan<\/a> s\u00e5 hittar du s\u00e4kert det du s\u00f6ker. <\/p>\n\n\n\n<h3 class=\"wp-block-heading\">En stad med tydlig milj\u00f6profil<\/h3>\n\n\n\n<p>Malm\u00f6 ligger i framkant n\u00e4r det g\u00e4ller milj\u00f6arbete, och h\u00e5llbarhet ligger malm\u00f6iterna s\u00e4rskilt varmt om hj\u00e4rtat. Dessutom arbetar man aktivt f\u00f6r att vara en <a rel=\"noreferrer noopener\" aria-label=\"Fairtrade City (\u00f6ppnas i en ny flik)\" href=\"https:\/\/fairtrade.se\/kommun-och-region\/diplomeringarna-fairtrade-city-och-region\/detta-ar-fairtrade-city\/\" target=\"_blank\">Fairtrade City<\/a>, det vill s\u00e4ga verka f\u00f6r &#8220;r\u00e4ttvis handel och etisk konsumtion&#8221;. Detta sker via en diplomering som f\u00f6rnyas varje \u00e5r. Ett annat intressant projekt \u00e4r <a rel=\"noreferrer noopener\" aria-label=\"Ekostaden Augustenborg (\u00f6ppnas i en ny flik)\" href=\"https:\/\/greenroof.se\/ekostaden\/\" target=\"_blank\">Ekostaden Augustenborg<\/a> med <a rel=\"noreferrer noopener\" aria-label=\"Augustenborgs Botaniska Taktr\u00e4dg\u00e5rd (\u00f6ppnas i en ny flik)\" href=\"https:\/\/greenroof.se\/botanisk-tradgard\/\" target=\"_blank\">Augustenborgs Botaniska Taktr\u00e4dg\u00e5rd<\/a>. I Ekostaden, som var ett gammalt f\u00f6rfallet bostadsomr\u00e5de byggt p\u00e5 1950-talet, testar man nya och h\u00e5llbara innovationer p\u00e5 milj\u00f6omr\u00e5det. Ett exempel \u00e4r renh\u00e5llningen som man bland annat sk\u00f6ter med h\u00e4st och vagn. Taktr\u00e4dg\u00e5rden \u00e4r ytterligare en del i projektet <a href=\"https:\/\/greenroof.se\/om-grona-tak\/\" target=\"_blank\" rel=\"noreferrer noopener\" aria-label=\"Gr\u00f6na tak (\u00f6ppnas i en ny flik)\">Gr\u00f6na tak<\/a>, d\u00e4r man forskar p\u00e5 olika typer av takv\u00e4xter och -v\u00e4xtlighet. Du kan bes\u00f6ka tr\u00e4dg\u00e5rden \u00e5ret om, men vintertid endast enligt bokning.<\/p>\n\n\n\n<div class=\"wp-block-image\"><figure class=\"aligncenter size-full\"><img decoding=\"async\" width=\"1200\" height=\"800\" data-src=\"https:\/\/se.sx-magazine-wp.sixt.io\/magazine\/wp-content\/uploads\/sites\/14\/2019\/10\/priscilla-du-preez-W3SEyZODn8U-unsplash_1200.jpg\" alt=\"Mat och festivaler i Malm\u00f6 \/ Foto: Priscilla Du Preez\" class=\"wp-image-2850 lazyload\" data-srcset=\"https:\/\/www.sixt.se\/magazine\/wp-content\/uploads\/\/sites\/14\/2019\/10\/priscilla-du-preez-W3SEyZODn8U-unsplash_1200.jpg 1200w, https:\/\/www.sixt.se\/magazine\/wp-content\/uploads\/\/sites\/14\/2019\/10\/priscilla-du-preez-W3SEyZODn8U-unsplash_1200-300x200.jpg 300w, https:\/\/www.sixt.se\/magazine\/wp-content\/uploads\/\/sites\/14\/2019\/10\/priscilla-du-preez-W3SEyZODn8U-unsplash_1200-768x512.jpg 768w, https:\/\/www.sixt.se\/magazine\/wp-content\/uploads\/\/sites\/14\/2019\/10\/priscilla-du-preez-W3SEyZODn8U-unsplash_1200-1024x683.jpg 1024w\" data-sizes=\"(max-width: 1200px) 100vw, 1200px\" src=\"data:image\/svg+xml;base64,PHN2ZyB3aWR0aD0iMSIgaGVpZ2h0PSIxIiB4bWxucz0iaHR0cDovL3d3dy53My5vcmcvMjAwMC9zdmciPjwvc3ZnPg==\" style=\"--smush-placeholder-width: 1200px; --smush-placeholder-aspect-ratio: 1200\/800;\" \/><figcaption>Mat och festivaler i Malm\u00f6 \/ Foto:&nbsp;<a rel=\"noreferrer noopener\" aria-label=\" (\u00f6ppnas i en ny flik)\" href=\"https:\/\/unsplash.com\/@priscilladupreez?utm_source=unsplash&amp;utm_medium=referral&amp;utm_content=creditCopyText\" target=\"_blank\">Priscilla Du Preez<\/a><br><br><\/figcaption><\/figure><\/div>\n\n\n\n<h3 class=\"wp-block-heading\">Mat av h\u00f6gsta klass<\/h3>\n\n\n\n<p>Som vi n\u00e4mnt tidigare har Malm\u00f6 mycket att erbjuda p\u00e5 det kulinariska omr\u00e5det, bland annat p\u00e5 grund av n\u00e4rheten till kontinenten. Du hittar allt du kan \u00f6nska, fr\u00e5n enklare internationell gatuk\u00f6ksmat till f\u00f6rstklassiga gourmetrestauranger. Malm\u00f6borna har r\u00f6tterna i cirka 175 olika l\u00e4nder och bara det ger dig stora m\u00f6jligheter att ta del av &#8220;v\u00e4rldens mat&#8221;. Speciellt runt <strong>M\u00f6llev\u00e5ngstorget<\/strong>, \u00e4ven &#8220;M\u00f6llan&#8221; kallad, finns en uppsj\u00f6 av matst\u00e4llen med olika profiler och nationaliteter. Om du vill smaka p\u00e5 Michelinklassade r\u00e4tter kan du boka bord p\u00e5 <strong>Vollmers<\/strong> p\u00e5 Tegelg\u00e5rdsgatan. R\u00e4kna med att det kostar, men sen ser maten verkligen ut som sm\u00e5 konstverk p\u00e5 tallriken. Smakerna g\u00e5r knappt ens att beskriva, f\u00f6r h\u00e4r snackar vi inte vardagsmat direkt. Eller jo, faktiskt! Vollmers baserar sitt k\u00f6k p\u00e5 traditionella sk\u00e5nska r\u00e5varor och recept.<\/p>\n\n\n\n<blockquote class=\"wp-block-quote is-layout-flow wp-block-quote-is-layout-flow\"><p><strong>MALM\u00d6FESTIVALEN: <\/strong>Varje \u00e5r i augusti brakar <a rel=\"noreferrer noopener\" aria-label=\"Malm\u00f6festivalen (\u00f6ppnas i en ny flik)\" href=\"https:\/\/www.malmofestivalen.se\/\" target=\"_blank\">Malm\u00f6festivalen<\/a> loss, och i en dryg vecka fylls gatorna av torgst\u00e5nd, musik spelas \u00f6verallt och Malm\u00f6borna g\u00e5r man ur huse. Festivalen \u00e4r en sk\u00f6n mix av konst, kultur, god mat och dryck, upptr\u00e4dande med k\u00e4nda och ok\u00e4nda artister, samt roliga evenemang f\u00f6r barn, och du kan k\u00f6pa hantverk och andra prylar. 2019 \u00e5rs Malm\u00f6festival blev den 35:te i ordningen. <\/p><\/blockquote>\n\n\n\n<div class=\"wp-block-image\"><figure class=\"aligncenter size-full\"><img decoding=\"async\" width=\"1200\" height=\"800\" data-src=\"https:\/\/se.sx-magazine-wp.sixt.io\/magazine\/wp-content\/uploads\/sites\/14\/2019\/10\/video-lut-app-urfIyv-1qbA-unsplash_red.jpg\" alt=\"\u00d6resundsbron mellan Malm\u00f6 och K\u00f6penhamn \/ Foto: Video LUT App p\u00e5 Unsplash\" class=\"wp-image-2591 lazyload\" data-srcset=\"https:\/\/www.sixt.se\/magazine\/wp-content\/uploads\/\/sites\/14\/2019\/10\/video-lut-app-urfIyv-1qbA-unsplash_red.jpg 1200w, https:\/\/www.sixt.se\/magazine\/wp-content\/uploads\/\/sites\/14\/2019\/10\/video-lut-app-urfIyv-1qbA-unsplash_red-300x200.jpg 300w, https:\/\/www.sixt.se\/magazine\/wp-content\/uploads\/\/sites\/14\/2019\/10\/video-lut-app-urfIyv-1qbA-unsplash_red-768x512.jpg 768w, https:\/\/www.sixt.se\/magazine\/wp-content\/uploads\/\/sites\/14\/2019\/10\/video-lut-app-urfIyv-1qbA-unsplash_red-1024x683.jpg 1024w\" data-sizes=\"(max-width: 1200px) 100vw, 1200px\" src=\"data:image\/svg+xml;base64,PHN2ZyB3aWR0aD0iMSIgaGVpZ2h0PSIxIiB4bWxucz0iaHR0cDovL3d3dy53My5vcmcvMjAwMC9zdmciPjwvc3ZnPg==\" style=\"--smush-placeholder-width: 1200px; --smush-placeholder-aspect-ratio: 1200\/800;\" \/><figcaption> \u00d6resundsbron mellan Malm\u00f6 och K\u00f6penhamn \/ Foto:&nbsp;<a rel=\"noreferrer noopener\" aria-label=\" (\u00f6ppnas i en ny flik)\" href=\"https:\/\/unsplash.com\/@videolut?utm_source=unsplash&amp;utm_medium=referral&amp;utm_content=creditCopyText\" target=\"_blank\">Video LUT App<\/a>&nbsp;<br><br><\/figcaption><\/figure><\/div>\n\n\n\n<h3 class=\"wp-block-heading\">\u00d6resundsbron \u2012 en kort historik<\/h3>\n\n\n\n<p>N\u00e4r <strong>\u00d6resundsbron <\/strong>skulle b\u00f6rja byggas \u00e5r 1995 var entusiasmen inte direkt p\u00e5 topp i alla l\u00e4ger. Milj\u00f6v\u00e4nner protesterade och oroade sig f\u00f6r vad bron skulle betyda f\u00f6r naturen. De v\u00e4rsta farh\u00e5gorna har dock inte besannats. Ist\u00e4llet har bron \u00f6ppnat upp en st\u00f6rre arbetsmarknad f\u00f6r svenskarna. M\u00e5nga jobbar i K\u00f6penhamn och pendlar \u00f6ver bron varje dag. Danskarna \u00e5ker inte lika ofta \u00f6ver till Sverige, men alla kan enas om att bron var en bra id\u00e9. Om du vill k\u00f6ra bil och semestra i Europa \u00e4r bron ett smart alternativ till f\u00e4rjetrafiken mellan exempelvis Helsingborg \u2012 Helsing\u00f8r.<\/p>\n\n\n\n<p>Och s\u00e5 utspelade sig f\u00f6rst\u00e5s m\u00e5nga nyckelscener fr\u00e5n <strong>tv-succ\u00e9n Bron<\/strong> p\u00e5 och omkring \u00d6resundsbron \u2012 som faktiskt har huvudrollen! N\u00e4r du \u00e5ker mellan Malm\u00f6 och K\u00f6penhamn passerar du den lilla konstgjorda \u00f6n <strong>Pepparholm <\/strong>som f\u00f6rekommit i flera avsnitt. Om du tittar p\u00e5<strong> <\/strong>exempelvis b\u00f6rjan p\u00e5 s\u00e4song 4 s\u00e5 kan du se \u00f6n som d\u00e5 anv\u00e4ndes som inspelningsplats. Garanterad dramatik utlovas!<\/p>\n\n\n\n<p><em>I n\u00e4sta artikel tar vi klivet \u00f6ver sundet fr\u00e5n Malm\u00f6 till K\u00f6penhamn. Artikeln ber\u00e4knas publiceras i m\u00e5nadsskiftet november\u2012december.<\/em><\/p>\n\n\n\n<p>Text: <a href=\"https:\/\/www.sixt.se\/magazine\/author\/ingrid\/\">Ingrid Carlsson<\/a><\/p>\n<!-- AddThis Advanced Settings generic via filter on the_content --><!-- AddThis Share Buttons generic via filter on the_content -->","protected":false},"excerpt":{"rendered":"<p>\u00d6resundsbron f\u00f6rbinder Malm\u00f6 och det svenska fastlandet med K\u00f6penhamn, Danmark och kontinenten. Inv\u00e5narna i regionen har f\u00f6r l\u00e4nge sedan insett f\u00f6rdelarna med bron, men vad finns egentligen att se, g\u00f6ra och uppleva i Malm\u00f6 och K\u00f6penhamn? Hyr en bil, g\u00f6r ett bes\u00f6k i tv\u00e5 l\u00e4nder \u2012 och f\u00e5 en spektakul\u00e4r broupplevelse p\u00e5 k\u00f6pet. Det h\u00e4r&#8230;<!-- AddThis Advanced Settings generic via filter on get_the_excerpt --><!-- AddThis Share Buttons generic via filter on get_the_excerpt --><\/p>\n","protected":false},"author":57,"featured_media":2591,"comment_status":"open","ping_status":"open","sticky":false,"template":"","format":"standard","meta":{"_genesis_hide_title":false,"_genesis_hide_breadcrumbs":false,"_genesis_hide_singular_image":false,"_genesis_hide_footer_widgets":false,"_genesis_custom_body_class":"","_genesis_custom_post_class":"","_genesis_layout":"full-width-content","ngg_post_thumbnail":0,"footnotes":""},"categories":[6],"tags":[18,65,38,10],"class_list":{"0":"post-2576","1":"post","2":"type-post","3":"status-publish","4":"format-standard","5":"has-post-thumbnail","7":"category-resa","8":"tag-bilsemester","9":"tag-danmark","10":"tag-hyra-bil","11":"tag-sverige","12":"entry"},"yoast_head":"<!-- This site is optimized with the Yoast SEO plugin v27.1.1 - https:\/\/yoast.com\/product\/yoast-seo-wordpress\/ -->\n<title>Malm\u00f6 \u2013 K\u00f6penhamn, och bron mot kontinenten \u2764\ufe0f - Sixt Sverige Magazine<\/title>\n<meta name=\"description\" content=\"\u00d6resundsbron f\u00f6rbinder Malm\u00f6 med K\u00f6penhamn, Danmark och kontinenten. Hyr bil, upplev tv\u00e5 l\u00e4nder och en spektakul\u00e4r bro\u00f6verfart. Men resan b\u00f6rjar i Malm\u00f6...\" \/>\n<meta name=\"robots\" content=\"index, follow, max-snippet:-1, max-image-preview:large, max-video-preview:-1\" \/>\n<link rel=\"canonical\" href=\"https:\/\/www.sixt.se\/magazine\/resa\/malmo\u2012kopenhamn\/\" \/>\n<meta property=\"og:locale\" content=\"en_US\" \/>\n<meta property=\"og:type\" content=\"article\" \/>\n<meta property=\"og:title\" content=\"Malm\u00f6 \u2013 K\u00f6penhamn, och bron mot kontinenten \u2764\ufe0f - Sixt Sverige Magazine\" \/>\n<meta property=\"og:description\" content=\"\u00d6resundsbron f\u00f6rbinder Malm\u00f6 med K\u00f6penhamn, Danmark och kontinenten. Hyr bil, upplev tv\u00e5 l\u00e4nder och en spektakul\u00e4r bro\u00f6verfart. Men resan b\u00f6rjar i Malm\u00f6...\" \/>\n<meta property=\"og:url\" content=\"https:\/\/www.sixt.se\/magazine\/resa\/malmo\u2012kopenhamn\/\" \/>\n<meta property=\"og:site_name\" content=\"Sixt Sverige Magazine\" \/>\n<meta property=\"article:published_time\" content=\"2019-11-04T10:00:46+00:00\" \/>\n<meta property=\"article:modified_time\" content=\"2022-06-15T07:31:30+00:00\" \/>\n<meta property=\"og:image\" content=\"https:\/\/www.sixt.se\/magazine\/wp-content\/uploads\/\/sites\/14\/2019\/10\/video-lut-app-urfIyv-1qbA-unsplash_red.jpg\" \/>\n\t<meta property=\"og:image:width\" content=\"1200\" \/>\n\t<meta property=\"og:image:height\" content=\"800\" \/>\n\t<meta property=\"og:image:type\" content=\"image\/jpeg\" \/>\n<meta name=\"twitter:card\" content=\"summary_large_image\" \/>\n<meta name=\"twitter:label1\" content=\"Written by\" \/>\n\t<meta name=\"twitter:data1\" content=\"\" \/>\n\t<meta name=\"twitter:label2\" content=\"Est. reading time\" \/>\n\t<meta name=\"twitter:data2\" content=\"7 minutes\" \/>\n<!-- \/ Yoast SEO plugin. -->","yoast_head_json":{"title":"Malm\u00f6 \u2013 K\u00f6penhamn, och bron mot kontinenten \u2764\ufe0f - Sixt Sverige Magazine","description":"\u00d6resundsbron f\u00f6rbinder Malm\u00f6 med K\u00f6penhamn, Danmark och kontinenten. Hyr bil, upplev tv\u00e5 l\u00e4nder och en spektakul\u00e4r bro\u00f6verfart. Men resan b\u00f6rjar i Malm\u00f6...","robots":{"index":"index","follow":"follow","max-snippet":"max-snippet:-1","max-image-preview":"max-image-preview:large","max-video-preview":"max-video-preview:-1"},"canonical":"https:\/\/www.sixt.se\/magazine\/resa\/malmo\u2012kopenhamn\/","og_locale":"en_US","og_type":"article","og_title":"Malm\u00f6 \u2013 K\u00f6penhamn, och bron mot kontinenten \u2764\ufe0f - Sixt Sverige Magazine","og_description":"\u00d6resundsbron f\u00f6rbinder Malm\u00f6 med K\u00f6penhamn, Danmark och kontinenten. Hyr bil, upplev tv\u00e5 l\u00e4nder och en spektakul\u00e4r bro\u00f6verfart. Men resan b\u00f6rjar i Malm\u00f6...","og_url":"https:\/\/www.sixt.se\/magazine\/resa\/malmo\u2012kopenhamn\/","og_site_name":"Sixt Sverige Magazine","article_published_time":"2019-11-04T10:00:46+00:00","article_modified_time":"2022-06-15T07:31:30+00:00","og_image":[{"width":1200,"height":800,"url":"https:\/\/www.sixt.se\/magazine\/wp-content\/uploads\/\/sites\/14\/2019\/10\/video-lut-app-urfIyv-1qbA-unsplash_red.jpg","type":"image\/jpeg"}],"twitter_card":"summary_large_image","twitter_misc":{"Written by":"","Est. reading time":"7 minutes"},"schema":{"@context":"https:\/\/schema.org","@graph":[{"@type":"Article","@id":"https:\/\/www.sixt.se\/magazine\/resa\/malmo%e2%80%92kopenhamn\/#article","isPartOf":{"@id":"https:\/\/www.sixt.se\/magazine\/resa\/malmo%e2%80%92kopenhamn\/"},"author":{"name":"","@id":""},"headline":"Malm\u00f6 \u2013 K\u00f6penhamn, och bron mot kontinenten \u2764\ufe0f","datePublished":"2019-11-04T10:00:46+00:00","dateModified":"2022-06-15T07:31:30+00:00","mainEntityOfPage":{"@id":"https:\/\/www.sixt.se\/magazine\/resa\/malmo%e2%80%92kopenhamn\/"},"wordCount":1474,"commentCount":0,"image":{"@id":"https:\/\/www.sixt.se\/magazine\/resa\/malmo%e2%80%92kopenhamn\/#primaryimage"},"thumbnailUrl":"https:\/\/www.sixt.se\/magazine\/wp-content\/uploads\/\/sites\/14\/2019\/10\/video-lut-app-urfIyv-1qbA-unsplash_red.jpg","keywords":["bilsemester","Danmark","Hyra bil","Sverige"],"articleSection":["Resor"],"inLanguage":"en-US","potentialAction":[{"@type":"CommentAction","name":"Comment","target":["https:\/\/www.sixt.se\/magazine\/resa\/malmo%e2%80%92kopenhamn\/#respond"]}]},{"@type":"WebPage","@id":"https:\/\/www.sixt.se\/magazine\/resa\/malmo%e2%80%92kopenhamn\/","url":"https:\/\/www.sixt.se\/magazine\/resa\/malmo%e2%80%92kopenhamn\/","name":"Malm\u00f6 \u2013 K\u00f6penhamn, och bron mot kontinenten \u2764\ufe0f - Sixt Sverige Magazine","isPartOf":{"@id":"https:\/\/www.sixt.se\/magazine\/#website"},"primaryImageOfPage":{"@id":"https:\/\/www.sixt.se\/magazine\/resa\/malmo%e2%80%92kopenhamn\/#primaryimage"},"image":{"@id":"https:\/\/www.sixt.se\/magazine\/resa\/malmo%e2%80%92kopenhamn\/#primaryimage"},"thumbnailUrl":"https:\/\/www.sixt.se\/magazine\/wp-content\/uploads\/\/sites\/14\/2019\/10\/video-lut-app-urfIyv-1qbA-unsplash_red.jpg","datePublished":"2019-11-04T10:00:46+00:00","dateModified":"2022-06-15T07:31:30+00:00","author":{"@id":""},"description":"\u00d6resundsbron f\u00f6rbinder Malm\u00f6 med K\u00f6penhamn, Danmark och kontinenten. Hyr bil, upplev tv\u00e5 l\u00e4nder och en spektakul\u00e4r bro\u00f6verfart. Men resan b\u00f6rjar i Malm\u00f6...","breadcrumb":{"@id":"https:\/\/www.sixt.se\/magazine\/resa\/malmo%e2%80%92kopenhamn\/#breadcrumb"},"inLanguage":"en-US","potentialAction":[{"@type":"ReadAction","target":["https:\/\/www.sixt.se\/magazine\/resa\/malmo%e2%80%92kopenhamn\/"]}]},{"@type":"ImageObject","inLanguage":"en-US","@id":"https:\/\/www.sixt.se\/magazine\/resa\/malmo%e2%80%92kopenhamn\/#primaryimage","url":"https:\/\/www.sixt.se\/magazine\/wp-content\/uploads\/\/sites\/14\/2019\/10\/video-lut-app-urfIyv-1qbA-unsplash_red.jpg","contentUrl":"https:\/\/www.sixt.se\/magazine\/wp-content\/uploads\/\/sites\/14\/2019\/10\/video-lut-app-urfIyv-1qbA-unsplash_red.jpg","width":1200,"height":800,"caption":"\u00d6resundsbron \/ Foto: Video LUT App p\u00e5 Unsplash"},{"@type":"BreadcrumbList","@id":"https:\/\/www.sixt.se\/magazine\/resa\/malmo%e2%80%92kopenhamn\/#breadcrumb","itemListElement":[{"@type":"ListItem","position":1,"name":"Home","item":"https:\/\/www.sixt.se\/magazine\/"},{"@type":"ListItem","position":2,"name":"Malm\u00f6 \u2013 K\u00f6penhamn, och bron mot kontinenten \u2764\ufe0f"}]},{"@type":"WebSite","@id":"https:\/\/www.sixt.se\/magazine\/#website","url":"https:\/\/www.sixt.se\/magazine\/","name":"Sixt Sverige Magazine","description":"Nyheter och resetips fr\u00e5n SIXT","potentialAction":[{"@type":"SearchAction","target":{"@type":"EntryPoint","urlTemplate":"https:\/\/www.sixt.se\/magazine\/?s={search_term_string}"},"query-input":{"@type":"PropertyValueSpecification","valueRequired":true,"valueName":"search_term_string"}}],"inLanguage":"en-US"},{"@type":"Person","@id":"","url":"https:\/\/www.sixt.se\/magazine\/author\/"}]}},"_links":{"self":[{"href":"https:\/\/www.sixt.se\/magazine\/wp-json\/wp\/v2\/posts\/2576","targetHints":{"allow":["GET"]}}],"collection":[{"href":"https:\/\/www.sixt.se\/magazine\/wp-json\/wp\/v2\/posts"}],"about":[{"href":"https:\/\/www.sixt.se\/magazine\/wp-json\/wp\/v2\/types\/post"}],"author":[{"embeddable":true,"href":"https:\/\/www.sixt.se\/magazine\/wp-json\/wp\/v2\/users\/57"}],"replies":[{"embeddable":true,"href":"https:\/\/www.sixt.se\/magazine\/wp-json\/wp\/v2\/comments?post=2576"}],"version-history":[{"count":0,"href":"https:\/\/www.sixt.se\/magazine\/wp-json\/wp\/v2\/posts\/2576\/revisions"}],"wp:featuredmedia":[{"embeddable":true,"href":"https:\/\/www.sixt.se\/magazine\/wp-json\/wp\/v2\/media\/2591"}],"wp:attachment":[{"href":"https:\/\/www.sixt.se\/magazine\/wp-json\/wp\/v2\/media?parent=2576"}],"wp:term":[{"taxonomy":"category","embeddable":true,"href":"https:\/\/www.sixt.se\/magazine\/wp-json\/wp\/v2\/categories?post=2576"},{"taxonomy":"post_tag","embeddable":true,"href":"https:\/\/www.sixt.se\/magazine\/wp-json\/wp\/v2\/tags?post=2576"}],"curies":[{"name":"wp","href":"https:\/\/api.w.org\/{rel}","templated":true}]}}