{"id":4055,"date":"2020-04-27T09:56:09","date_gmt":"2020-04-27T09:56:09","guid":{"rendered":"https:\/\/se.sx-magazine-wp.sixt.io\/magazine\/?p=4055"},"modified":"2022-04-05T09:50:42","modified_gmt":"2022-04-05T09:50:42","slug":"framtiden-for-forarassistans","status":"publish","type":"post","link":"https:\/\/www.sixt.se\/magazine\/future-mobility\/framtiden-for-forarassistans\/","title":{"rendered":"Framtiden f\u00f6r f\u00f6rarassistans"},"content":{"rendered":"\n<p><strong>Autonoma eller sj\u00e4lvk\u00f6rande fordon \u00e4r n\u00e5got som kommer stort i framtiden.&nbsp;M\u00e5nga olika f\u00f6retag har utvecklat teknik&nbsp;f\u00f6r f\u00f6rarassistans,&nbsp;bland annat Ericsson.&nbsp;Ericsson samarbetar sedan l\u00e4nge med olika akt\u00f6rer,&nbsp;som Volvo Cars och Veoneer, i&nbsp;projekt&nbsp;som anv\u00e4nder Connected&nbsp;Vehicle Cloud. Med 5G skapas ytterligare m\u00f6jligheter f\u00f6r det h\u00e4r smarta tekniska hj\u00e4lpsystemet att g\u00f6ra k\u00f6rningen och trafiken s\u00e4krare.&nbsp;Vi tittar n\u00e4rmare p\u00e5 tekniken, hur det ser ut idag, och vad den v\u00e4ntas kunna g\u00f6ra&nbsp;i framtiden.<\/strong>&nbsp;<\/p>\n\n\n\n<div class=\"wp-block-image\"><figure class=\"aligncenter size-full is-resized\"><img decoding=\"async\" data-src=\"https:\/\/se.sx-magazine-wp.sixt.io\/magazine\/wp-content\/uploads\/sites\/14\/2020\/03\/connected-cars.jpg\" alt=\"Bilar uppkopplade till molnet\" class=\"wp-image-4149 lazyload\" width=\"800\" height=\"450\" data-srcset=\"https:\/\/www.sixt.se\/magazine\/wp-content\/uploads\/\/sites\/14\/2020\/03\/connected-cars.jpg 800w, https:\/\/www.sixt.se\/magazine\/wp-content\/uploads\/\/sites\/14\/2020\/03\/connected-cars-300x169.jpg 300w, https:\/\/www.sixt.se\/magazine\/wp-content\/uploads\/\/sites\/14\/2020\/03\/connected-cars-768x432.jpg 768w\" data-sizes=\"(max-width: 800px) 100vw, 800px\" src=\"data:image\/svg+xml;base64,PHN2ZyB3aWR0aD0iMSIgaGVpZ2h0PSIxIiB4bWxucz0iaHR0cDovL3d3dy53My5vcmcvMjAwMC9zdmciPjwvc3ZnPg==\" style=\"--smush-placeholder-width: 800px; --smush-placeholder-aspect-ratio: 800\/450;\" \/><figcaption><em>Bilar uppkopplade till molnet \/ Foto: \u00a9 Ericsson<\/em> <br><br><\/figcaption><\/figure><\/div>\n\n\n\n<h2 class=\"wp-block-heading\">Vad \u00e4r Connected Vehicle Cloud?<\/h2>\n\n\n\n<p><strong>Connected&nbsp;Vehicle&nbsp;Cloud<\/strong> (CVC) \u00e4r&nbsp;namnet p\u00e5 Ericssons digitala tj\u00e4nsteplattform som m\u00f6jligg\u00f6r f\u00f6r fordonstillverkare att snabbt utveckla och hantera nya tj\u00e4nster f\u00f6r uppkopplade fordon.&nbsp;M\u00e5nga bilf\u00f6retag anv\u00e4nder plattformen, eller liknande teknik, f\u00f6r att ansluta sina fordon och bilda egna fordonsekosystem. Systemet m\u00f6jligg\u00f6r <strong>avancerad f\u00f6rarassistans <\/strong>(ADAS) som \u00e4r en f\u00f6ruts\u00e4ttning f\u00f6r <strong>sj\u00e4lvk\u00f6rande bilar<\/strong>. Det kan anv\u00e4ndas f\u00f6r service och underh\u00e5llsplanering av fordonet; l\u00e5sa\/l\u00e5sa upp bilen, s\u00e4tta p\u00e5\/sl\u00e5 av v\u00e4rmen; larma vid olycka eller motorhaveri; samt automatiserade funktioner som cyklistdetektering, automatisk broms, parkeringsassistans och sp\u00e5rningshj\u00e4lp.<\/p>\n\n\n\n<h3 class=\"wp-block-heading\">Avancerade system f\u00f6r f\u00f6rarassistans<\/h3>\n\n\n\n<p>Ericsson och svenska <strong>bilteknikf\u00f6retaget Veoneer <\/strong>har p\u00e5b\u00f6rjat ett samarbete f\u00f6r att utveckla en s\u00e4ker teknik f\u00f6r <strong>Advanced Driving Assistance Systems<\/strong> (ADAS) och <strong>Autonomous Driving <\/strong>(AD). En f\u00f6ruts\u00e4ttning f\u00f6r att avancerade system f\u00f6r f\u00f6rarassistans och sj\u00e4lvk\u00f6rande bilar ska kunna fungera s\u00e4kert, s\u00f6ml\u00f6st och korrekt \u00e4r en digital fordonsplattform med h\u00f6g prestanda. Din bil m\u00e5ste kunna f\u00f6rh\u00e5lla sig till andra fordon och infrastrukturen sekund f\u00f6r sekund. En utmaning \u00e4r att handskas med de enorma m\u00e4ngder data som genereras, men med utvecklingen av 5G finns det goda f\u00f6ruts\u00e4ttningar att f\u00f6rb\u00e4ttra och snabba upp hanteringen. <br><br>N\u00e5gra exempel p\u00e5 funktioner \u00e4r att <strong>bilen kan ta emot viktig information fr\u00e5n molnet och varna f\u00f6raren <\/strong>om st\u00f6rningar l\u00e4ngre fram p\u00e5 v\u00e4gen, till exempel v\u00e4garbeten, hen kan ocks\u00e5 f\u00e5 information fr\u00e5n andra bilar p\u00e5 v\u00e4gen, och om pl\u00f6tsliga v\u00e4deromslag. CVC f\u00f6rb\u00e4ttrar helt enkelt f\u00f6rarens s\u00e4kerhet och k\u00f6rupplevelse. I filmen nedan ser du ett exempel p\u00e5 hur tekniken kan f\u00f6rb\u00e4ttra s\u00e4kerheten f\u00f6r utryckningsfordon och medtrafikanter.<\/p>\n\n\n\n<p><div align=\"center\"><iframe title=\"Ericsson + Veoneer Innovation Project use case: Emergency services\" width=\"800\" height=\"450\" data-src=\"https:\/\/www.youtube.com\/embed\/btP23Ra7FnE?feature=oembed\" frameborder=\"0\" allow=\"accelerometer; autoplay; encrypted-media; gyroscope; picture-in-picture\" allowfullscreen src=\"data:image\/svg+xml;base64,PHN2ZyB3aWR0aD0iMSIgaGVpZ2h0PSIxIiB4bWxucz0iaHR0cDovL3d3dy53My5vcmcvMjAwMC9zdmciPjwvc3ZnPg==\" class=\"lazyload\" data-load-mode=\"1\"><\/iframe><\/div><br \/><em>Kort film om hur tekniken hj\u00e4lper utryckningsfordon \/ \u00a9 Ericsson och Veoneer<\/em><\/p><br \/>\n\n\n\n<h3 class=\"wp-block-heading\">Den uppkopplade och &#8220;medvetna&#8221; bilen<\/h3>\n\n\n\n<p>Ericsson och <strong>Volvo Cars<\/strong> har under en l\u00e4ngre tid samarbetat och tillsammans utvecklar man n\u00e4sta generations Volvo-bilar. Framtidens bilar kommer alltid vara uppkopplade, men de skulle kunna f\u00f6rb\u00e4ttras ytterligare och bli helt \u201cmedvetna\u201d om n\u00e4tet, s\u00e5 kallade <strong>Network Aware Cars<\/strong>. N\u00e4tverksorganisationen <strong>GREAT<\/strong> i G\u00f6teborg anordnade i mars 2020 en digital konferens d\u00e4r olika f\u00f6retagspresentationer s\u00e4ndes live \u00f6ver internet.<strong><em> <\/em><\/strong>D\u00e4r ber\u00e4ttade Volvo Cars om vilka utmaningar man st\u00e5r inf\u00f6r i framtiden. <br><br>I dagsl\u00e4get s\u00e4ljs Volvo Cars fordon i \u00f6ver 120 l\u00e4nder, de flesta med olika n\u00e4t och internetleverant\u00f6rer. De globala skillnaderna till trots bygger man in internetuppkopplingen f\u00f6r att kunna leverera <strong>Androids och Googles tj\u00e4nster<\/strong> direkt till bilarna. Den inbyggda uppkopplingen ska g\u00f6ra att bilarna automatiskt uppdateras med de senaste programversionerna. Tanken \u00e4r ocks\u00e5 att det i framtiden ska g\u00e5 att koppla upp bilen till sj\u00e4lva infrastrukturen och till andra fordon och d\u00e4rmed g\u00f6ra trafiken s\u00e4krare. <\/p>\n\n\n\n<p><div align=\"center\"><iframe title=\"Ericsson Connected Vehicle\" width=\"800\" height=\"450\" data-src=\"https:\/\/www.youtube.com\/embed\/pLrNBGKYm1I?feature=oembed\" frameborder=\"0\" allow=\"accelerometer; autoplay; encrypted-media; gyroscope; picture-in-picture\" allowfullscreen src=\"data:image\/svg+xml;base64,PHN2ZyB3aWR0aD0iMSIgaGVpZ2h0PSIxIiB4bWxucz0iaHR0cDovL3d3dy53My5vcmcvMjAwMC9zdmciPjwvc3ZnPg==\" class=\"lazyload\" data-load-mode=\"1\"><\/iframe><\/div><br \/><em>Kort film om Ericsson och den nya tekniken \/ \u00a9 Ericsson<\/em><\/p><br \/>\n\n\n\n<h3 class=\"wp-block-heading\">Betydelsen av 5G<\/h3>\n\n\n\n<p>F\u00f6r att kunna erbjuda en helt s\u00f6ml\u00f6s integration kommer det att kr\u00e4vas 5G. D\u00e5 \u00f6kar trafikekosystemens kapacitet genom att \u00f6verf\u00f6ringshastigheterna blir snabbare. Det blir \u00e4nnu enklare f\u00f6r bilarna att <strong>kommunicera med andra fordon och med molnet<\/strong>. Detta inkluderar ocks\u00e5 tj\u00e4nsteleverant\u00f6rer samt trafik- och tillsynsmyndigheter. 5G inneb\u00e4r inte bara f\u00f6rdelar f\u00f6r fordonsindustrin; \u00e4ven andra akt\u00f6rer och system kan blomma ut f\u00f6r fullt. The internet of things \u2013 d\u00e4r olika apparater \u00e4r uppkopplade mot ett gemensamt system och varandra \u2013 v\u00e4xer redan nu och l\u00e4r beh\u00f6va extra kraft i framtiden. <\/p>\n\n\n\n<div class=\"wp-block-image\"><figure class=\"aligncenter size-full is-resized\"><img decoding=\"async\" data-src=\"https:\/\/se.sx-magazine-wp.sixt.io\/magazine\/wp-content\/uploads\/sites\/14\/2020\/03\/volvo.jpg\" alt=\"Volvo p\u00e5 v\u00e4g\" class=\"wp-image-4152 lazyload\" width=\"800\" height=\"450\" data-srcset=\"https:\/\/www.sixt.se\/magazine\/wp-content\/uploads\/\/sites\/14\/2020\/03\/volvo.jpg 800w, https:\/\/www.sixt.se\/magazine\/wp-content\/uploads\/\/sites\/14\/2020\/03\/volvo-300x169.jpg 300w, https:\/\/www.sixt.se\/magazine\/wp-content\/uploads\/\/sites\/14\/2020\/03\/volvo-768x432.jpg 768w\" data-sizes=\"(max-width: 800px) 100vw, 800px\" src=\"data:image\/svg+xml;base64,PHN2ZyB3aWR0aD0iMSIgaGVpZ2h0PSIxIiB4bWxucz0iaHR0cDovL3d3dy53My5vcmcvMjAwMC9zdmciPjwvc3ZnPg==\" style=\"--smush-placeholder-width: 800px; --smush-placeholder-aspect-ratio: 800\/450;\" \/><figcaption><em>Volvo p\u00e5 v\u00e4g \/ Foto: \u00a9 Volvo Cars<\/em><br><br><\/figcaption><\/figure><\/div>\n\n\n\n<h2 class=\"wp-block-heading\">Framtiden enligt Ericsson<\/h2>\n\n\n\n<p>F\u00f6r att f\u00e5 en djupare inblick i tekniken, f\u00f6rarassistans och vad som h\u00e4nder i framtiden st\u00e4llde vi n\u00e5gra fr\u00e5gor till <strong>Charlotte Lund\u00e9n<\/strong>, Head of Sales Readiness Connected Vehicles p\u00e5 Ericsson. <\/p>\n\n\n\n<h4 class=\"wp-block-heading\">Vad h\u00e4nder med CVC i framtiden? <\/h4>\n\n\n\n<blockquote class=\"wp-block-quote is-layout-flow wp-block-quote-is-layout-flow\"><p>[&#8230;] Ericssons \u00e4r ledande inom forskning och utveckling f\u00f6r radio- och k\u00e4rnn\u00e4t (core) f\u00f6r mobil\/cellular uppkoppling. Alla v\u00e5ra kunder inom fordonsindustrin kommer  kunna ta del av den fortsatta utvecklingen inom 5G och automation, samt hur n\u00e4tverksn\u00e4ra tj\u00e4nster kopplas samman med&nbsp;Connected Vehicle Cloud f\u00f6r b\u00e4sta m\u00f6jliga uppkopplade upplevelse. <\/p><\/blockquote>\n\n\n\n<h4 class=\"wp-block-heading\">Hur viktigt \u00e4r 5G f\u00f6r CVC, sj\u00e4lvk\u00f6rande bilar och The Internet of Things?<\/h4>\n\n\n\n<blockquote class=\"wp-block-quote is-layout-flow wp-block-quote-is-layout-flow\"><p>5G \u00e4r utvecklat i huvudsak f\u00f6r att s\u00e4kerst\u00e4lla behoven fr\u00e5n industrin. Det \u00e4r ett system som \u00e4r byggt f\u00f6r att kunna genomf\u00f6ra till exempel sj\u00e4lvk\u00f6rande fordon, dr\u00f6narstyrning, och remote kirurgi. 5G-n\u00e4tet, med karakteristik av endast millisekunds f\u00f6rdr\u00f6jningar, h\u00f6g bandbredd och kapacitet f\u00f6r dedikerad kvalitet genom \u201dnetwork slicing\u201d, \u00e4r ett verktyg f\u00f6r att grundl\u00e4ggande f\u00f6r\u00e4ndra industrin. Det \u00f6ppnar m\u00f6jligheter f\u00f6r innovationer som idag \u00e4nnu inte varit m\u00f6jliga. Ericsson \u00e4r v\u00e4rldsledande inom 5G-implementeringar och har uppkoppling\/connectivity som v\u00e5r k\u00e4rnkompetens. Detta i kombination med v\u00e5rt transport- och fordonsindustriengagemang, genom bland annat Connected Vehicle Cloud och n\u00e4tverksn\u00e4ra tj\u00e4nster, driver v\u00e5r m\u00e5lbild att g\u00f6ra uppkoppling f\u00f6r fordonsindustrin l\u00e4ttare. <\/p><\/blockquote>\n\n\n\n<h4 class=\"wp-block-heading\">Vad h\u00e4nder om man har d\u00e5lig uppkoppling i bilen? <\/h4>\n\n\n\n<blockquote class=\"wp-block-quote is-layout-flow wp-block-quote-is-layout-flow\"><p>De uppkopplade tj\u00e4nsterna i fordon idag \u00e4r mest ett verktyg f\u00f6r att f\u00f6rb\u00e4ttra f\u00f6rarupplevelsen och ge st\u00f6d till f\u00f6raren genom att ge rekommendationer. F\u00f6raren \u00e4r alltid ansvarig f\u00f6r besluten i fordonet. N\u00e4r vi g\u00e5r vidare till de mer avancerade autonoma transporterna kommer uppkopplingen att \u00f6ka i betydelse, och efterfr\u00e5gan p\u00e5 bra mobiln\u00e4tskvalitet och t\u00e4ckning runt v\u00e5ra v\u00e4gar kommer att \u00f6ka drastiskt. Det \u00e4r viktigt att utbyggnaden av infrastrukturen hinner med f\u00f6r att klara kraven fr\u00e5n dessa autonoma transporter for att system som Assisted Drive och Autonomous Drive skall kunna utnyttjas till fullo. <\/p><\/blockquote>\n\n\n\n<h4 class=\"wp-block-heading\">Vad kan CVC inneb\u00e4ra f\u00f6r biltrafiken i stort, och f\u00f6r trafikmilj\u00f6n?<\/h4>\n\n\n\n<blockquote class=\"wp-block-quote is-layout-flow wp-block-quote-is-layout-flow\"><p>N\u00e4r fordon \u00e4r uppkopplade via mobiln\u00e4tet till andra fordon s\u00e5v\u00e4l som till transportekosystemet runt dem, \u00e4r f\u00f6rb\u00e4ttringar i trafikfl\u00f6det m\u00f6jlig och s\u00e4kerheten kan f\u00f6rb\u00e4ttras. [&#8230;] Ett exempel \u00e4r hur s\u00e4kerheten f\u00f6r cyklister eller v\u00e4garbetare kan f\u00f6rb\u00e4ttras. Innovativa ADAS-s\u00e4kerhetssystem (Advanced Driver Assistance Systems) kan varna f\u00f6rare att det finns cyklister i n\u00e4rheten f\u00f6r att undvika kollisioner, \u00e4ven om cyklister inte \u00e4r synliga f\u00f6r f\u00f6raren. Innovativa f\u00f6rars\u00e4kerhetssystem kan ocks\u00e5 varna f\u00f6rare f\u00f6r v\u00e4garbetet l\u00e5ngt innan f\u00f6raren ser dem, vilket kan upplysa f\u00f6raren i tid f\u00f6r att kunna agera till exempel minska hastigheten.  <\/p><\/blockquote>\n\n\n\n<p>P\u00e5 fr\u00e5gan vad som \u00e4r viktigast f\u00f6r framtidens smarta bilar, f\u00f6rarassistans och en s\u00e4ker trafik \u00e4r svaret lika enkelt som sj\u00e4lvklart \u2013 5G. En sak \u00e4r klar, framtiden kommer bli sp\u00e4nnande \u2013 och uppkopplad!<\/p>\n\n\n\n<p>Text: <a rel=\"noreferrer noopener\" href=\"https:\/\/www.sixt.se\/magazine\/author\/ingrid\/\" target=\"_blank\">Ingrid Carlsson<\/a><\/p>\n<!-- AddThis Advanced Settings generic via filter on the_content --><!-- AddThis Share Buttons generic via filter on the_content -->","protected":false},"excerpt":{"rendered":"<p>Autonoma eller sj\u00e4lvk\u00f6rande fordon \u00e4r n\u00e5got som kommer stort i framtiden.&nbsp;M\u00e5nga olika f\u00f6retag har utvecklat teknik&nbsp;f\u00f6r f\u00f6rarassistans,&nbsp;bland annat Ericsson.&nbsp;Ericsson samarbetar sedan l\u00e4nge med olika akt\u00f6rer,&nbsp;som Volvo Cars och Veoneer, i&nbsp;projekt&nbsp;som anv\u00e4nder Connected&nbsp;Vehicle Cloud. Med 5G skapas ytterligare m\u00f6jligheter f\u00f6r det h\u00e4r smarta tekniska hj\u00e4lpsystemet att g\u00f6ra k\u00f6rningen och trafiken s\u00e4krare.&nbsp;Vi tittar n\u00e4rmare p\u00e5 tekniken, hur&#8230;<!-- AddThis Advanced Settings generic via filter on get_the_excerpt --><!-- AddThis Share Buttons generic via filter on get_the_excerpt --><\/p>\n","protected":false},"author":57,"featured_media":4149,"comment_status":"open","ping_status":"open","sticky":false,"template":"","format":"standard","meta":{"_genesis_hide_title":false,"_genesis_hide_breadcrumbs":false,"_genesis_hide_singular_image":false,"_genesis_hide_footer_widgets":false,"_genesis_custom_body_class":"","_genesis_custom_post_class":"","_genesis_layout":"","ngg_post_thumbnail":0,"footnotes":""},"categories":[100,4],"tags":[17,37],"class_list":{"0":"post-4055","1":"post","2":"type-post","3":"status-publish","4":"format-standard","5":"has-post-thumbnail","7":"category-future-mobility","8":"category-innovationer","9":"tag-bilar","10":"tag-teknik","11":"entry"},"yoast_head":"<!-- This site is optimized with the Yoast SEO plugin v27.1.1 - https:\/\/yoast.com\/product\/yoast-seo-wordpress\/ -->\n<title>Framtiden f\u00f6r f\u00f6rarassistans - Sixt Sverige Magazine<\/title>\n<meta name=\"description\" content=\"Framtiden f\u00f6r f\u00f6rarassistans stavas 5G. Ericssons plattform Connected Vehicle Cloud kopplar upp och ihop fordon via molnet. Vi tittar n\u00e4rmare p\u00e5 tekniken.\" \/>\n<meta name=\"robots\" content=\"index, follow, max-snippet:-1, max-image-preview:large, max-video-preview:-1\" \/>\n<link rel=\"canonical\" href=\"https:\/\/www.sixt.se\/magazine\/innovationer\/framtiden-for-forarassistans\/\" \/>\n<meta property=\"og:locale\" content=\"en_US\" \/>\n<meta property=\"og:type\" content=\"article\" \/>\n<meta property=\"og:title\" content=\"Framtiden f\u00f6r f\u00f6rarassistans - Sixt Sverige Magazine\" \/>\n<meta property=\"og:description\" content=\"Framtiden f\u00f6r f\u00f6rarassistans stavas 5G. Ericssons plattform Connected Vehicle Cloud kopplar upp och ihop fordon via molnet. Vi tittar n\u00e4rmare p\u00e5 tekniken.\" \/>\n<meta property=\"og:url\" content=\"https:\/\/www.sixt.se\/magazine\/innovationer\/framtiden-for-forarassistans\/\" \/>\n<meta property=\"og:site_name\" content=\"Sixt Sverige Magazine\" \/>\n<meta property=\"article:published_time\" content=\"2020-04-27T09:56:09+00:00\" \/>\n<meta property=\"article:modified_time\" content=\"2022-04-05T09:50:42+00:00\" \/>\n<meta property=\"og:image\" content=\"https:\/\/www.sixt.se\/magazine\/wp-content\/uploads\/\/sites\/14\/2020\/03\/connected-cars.jpg\" \/>\n\t<meta property=\"og:image:width\" content=\"800\" \/>\n\t<meta property=\"og:image:height\" content=\"450\" \/>\n\t<meta property=\"og:image:type\" content=\"image\/jpeg\" \/>\n<meta name=\"twitter:card\" content=\"summary_large_image\" \/>\n<meta name=\"twitter:label1\" content=\"Written by\" \/>\n\t<meta name=\"twitter:data1\" content=\"\" \/>\n\t<meta name=\"twitter:label2\" content=\"Est. reading time\" \/>\n\t<meta name=\"twitter:data2\" content=\"7 minutes\" \/>\n<!-- \/ Yoast SEO plugin. -->","yoast_head_json":{"title":"Framtiden f\u00f6r f\u00f6rarassistans - Sixt Sverige Magazine","description":"Framtiden f\u00f6r f\u00f6rarassistans stavas 5G. Ericssons plattform Connected Vehicle Cloud kopplar upp och ihop fordon via molnet. Vi tittar n\u00e4rmare p\u00e5 tekniken.","robots":{"index":"index","follow":"follow","max-snippet":"max-snippet:-1","max-image-preview":"max-image-preview:large","max-video-preview":"max-video-preview:-1"},"canonical":"https:\/\/www.sixt.se\/magazine\/innovationer\/framtiden-for-forarassistans\/","og_locale":"en_US","og_type":"article","og_title":"Framtiden f\u00f6r f\u00f6rarassistans - Sixt Sverige Magazine","og_description":"Framtiden f\u00f6r f\u00f6rarassistans stavas 5G. Ericssons plattform Connected Vehicle Cloud kopplar upp och ihop fordon via molnet. Vi tittar n\u00e4rmare p\u00e5 tekniken.","og_url":"https:\/\/www.sixt.se\/magazine\/innovationer\/framtiden-for-forarassistans\/","og_site_name":"Sixt Sverige Magazine","article_published_time":"2020-04-27T09:56:09+00:00","article_modified_time":"2022-04-05T09:50:42+00:00","og_image":[{"width":800,"height":450,"url":"https:\/\/www.sixt.se\/magazine\/wp-content\/uploads\/\/sites\/14\/2020\/03\/connected-cars.jpg","type":"image\/jpeg"}],"twitter_card":"summary_large_image","twitter_misc":{"Written by":"","Est. reading time":"7 minutes"},"schema":{"@context":"https:\/\/schema.org","@graph":[{"@type":"Article","@id":"https:\/\/www.sixt.se\/magazine\/innovationer\/framtiden-for-forarassistans\/#article","isPartOf":{"@id":"https:\/\/www.sixt.se\/magazine\/innovationer\/framtiden-for-forarassistans\/"},"author":{"name":"","@id":""},"headline":"Framtiden f\u00f6r f\u00f6rarassistans","datePublished":"2020-04-27T09:56:09+00:00","dateModified":"2022-04-05T09:50:42+00:00","mainEntityOfPage":{"@id":"https:\/\/www.sixt.se\/magazine\/innovationer\/framtiden-for-forarassistans\/"},"wordCount":1337,"commentCount":0,"image":{"@id":"https:\/\/www.sixt.se\/magazine\/innovationer\/framtiden-for-forarassistans\/#primaryimage"},"thumbnailUrl":"https:\/\/www.sixt.se\/magazine\/wp-content\/uploads\/\/sites\/14\/2020\/03\/connected-cars.jpg","keywords":["bilar","teknik"],"articleSection":["Future Mobility","Innovationer"],"inLanguage":"en-US","potentialAction":[{"@type":"CommentAction","name":"Comment","target":["https:\/\/www.sixt.se\/magazine\/innovationer\/framtiden-for-forarassistans\/#respond"]}]},{"@type":"WebPage","@id":"https:\/\/www.sixt.se\/magazine\/innovationer\/framtiden-for-forarassistans\/","url":"https:\/\/www.sixt.se\/magazine\/innovationer\/framtiden-for-forarassistans\/","name":"Framtiden f\u00f6r f\u00f6rarassistans - Sixt Sverige Magazine","isPartOf":{"@id":"https:\/\/www.sixt.se\/magazine\/#website"},"primaryImageOfPage":{"@id":"https:\/\/www.sixt.se\/magazine\/innovationer\/framtiden-for-forarassistans\/#primaryimage"},"image":{"@id":"https:\/\/www.sixt.se\/magazine\/innovationer\/framtiden-for-forarassistans\/#primaryimage"},"thumbnailUrl":"https:\/\/www.sixt.se\/magazine\/wp-content\/uploads\/\/sites\/14\/2020\/03\/connected-cars.jpg","datePublished":"2020-04-27T09:56:09+00:00","dateModified":"2022-04-05T09:50:42+00:00","author":{"@id":""},"description":"Framtiden f\u00f6r f\u00f6rarassistans stavas 5G. Ericssons plattform Connected Vehicle Cloud kopplar upp och ihop fordon via molnet. Vi tittar n\u00e4rmare p\u00e5 tekniken.","breadcrumb":{"@id":"https:\/\/www.sixt.se\/magazine\/innovationer\/framtiden-for-forarassistans\/#breadcrumb"},"inLanguage":"en-US","potentialAction":[{"@type":"ReadAction","target":["https:\/\/www.sixt.se\/magazine\/innovationer\/framtiden-for-forarassistans\/"]}]},{"@type":"ImageObject","inLanguage":"en-US","@id":"https:\/\/www.sixt.se\/magazine\/innovationer\/framtiden-for-forarassistans\/#primaryimage","url":"https:\/\/www.sixt.se\/magazine\/wp-content\/uploads\/\/sites\/14\/2020\/03\/connected-cars.jpg","contentUrl":"https:\/\/www.sixt.se\/magazine\/wp-content\/uploads\/\/sites\/14\/2020\/03\/connected-cars.jpg","width":800,"height":450,"caption":"Bilar uppkopplade till molnet"},{"@type":"BreadcrumbList","@id":"https:\/\/www.sixt.se\/magazine\/innovationer\/framtiden-for-forarassistans\/#breadcrumb","itemListElement":[{"@type":"ListItem","position":1,"name":"Home","item":"https:\/\/www.sixt.se\/magazine\/"},{"@type":"ListItem","position":2,"name":"Framtiden f\u00f6r f\u00f6rarassistans"}]},{"@type":"WebSite","@id":"https:\/\/www.sixt.se\/magazine\/#website","url":"https:\/\/www.sixt.se\/magazine\/","name":"Sixt Sverige Magazine","description":"Nyheter och resetips fr\u00e5n SIXT","potentialAction":[{"@type":"SearchAction","target":{"@type":"EntryPoint","urlTemplate":"https:\/\/www.sixt.se\/magazine\/?s={search_term_string}"},"query-input":{"@type":"PropertyValueSpecification","valueRequired":true,"valueName":"search_term_string"}}],"inLanguage":"en-US"},{"@type":"Person","@id":"","url":"https:\/\/www.sixt.se\/magazine\/author\/"}]}},"_links":{"self":[{"href":"https:\/\/www.sixt.se\/magazine\/wp-json\/wp\/v2\/posts\/4055","targetHints":{"allow":["GET"]}}],"collection":[{"href":"https:\/\/www.sixt.se\/magazine\/wp-json\/wp\/v2\/posts"}],"about":[{"href":"https:\/\/www.sixt.se\/magazine\/wp-json\/wp\/v2\/types\/post"}],"author":[{"embeddable":true,"href":"https:\/\/www.sixt.se\/magazine\/wp-json\/wp\/v2\/users\/57"}],"replies":[{"embeddable":true,"href":"https:\/\/www.sixt.se\/magazine\/wp-json\/wp\/v2\/comments?post=4055"}],"version-history":[{"count":0,"href":"https:\/\/www.sixt.se\/magazine\/wp-json\/wp\/v2\/posts\/4055\/revisions"}],"wp:featuredmedia":[{"embeddable":true,"href":"https:\/\/www.sixt.se\/magazine\/wp-json\/wp\/v2\/media\/4149"}],"wp:attachment":[{"href":"https:\/\/www.sixt.se\/magazine\/wp-json\/wp\/v2\/media?parent=4055"}],"wp:term":[{"taxonomy":"category","embeddable":true,"href":"https:\/\/www.sixt.se\/magazine\/wp-json\/wp\/v2\/categories?post=4055"},{"taxonomy":"post_tag","embeddable":true,"href":"https:\/\/www.sixt.se\/magazine\/wp-json\/wp\/v2\/tags?post=4055"}],"curies":[{"name":"wp","href":"https:\/\/api.w.org\/{rel}","templated":true}]}}