{"id":5360,"date":"2020-12-21T11:00:57","date_gmt":"2020-12-21T11:00:57","guid":{"rendered":"https:\/\/se.sx-magazine-wp.sixt.io\/magazine\/?p=5360"},"modified":"2020-12-09T11:49:21","modified_gmt":"2020-12-09T11:49:21","slug":"helgdagar-2021","status":"publish","type":"post","link":"https:\/\/www.sixt.se\/magazine\/nyheter\/helgdagar-2021\/","title":{"rendered":"Helgdagar 2021 och hur du b\u00e4st planerar din ledighet \u26f1\ufe0f"},"content":{"rendered":"\n<div class=\"wp-block-image\"><figure class=\"aligncenter size-large\"><img decoding=\"async\" width=\"1024\" height=\"666\" data-src=\"https:\/\/se.sx-magazine-wp.sixt.io\/magazine\/wp-content\/uploads\/sites\/14\/2020\/12\/familj-som-badar-vidar-nordli-mathisen-1140px-1024x666.jpg\" alt=\"\" class=\"wp-image-5399 lazyload\" data-srcset=\"https:\/\/www.sixt.se\/magazine\/wp-content\/uploads\/\/sites\/14\/2020\/12\/familj-som-badar-vidar-nordli-mathisen-1140px-1024x666.jpg 1024w, https:\/\/www.sixt.se\/magazine\/wp-content\/uploads\/\/sites\/14\/2020\/12\/familj-som-badar-vidar-nordli-mathisen-1140px-300x195.jpg 300w, https:\/\/www.sixt.se\/magazine\/wp-content\/uploads\/\/sites\/14\/2020\/12\/familj-som-badar-vidar-nordli-mathisen-1140px-768x499.jpg 768w, https:\/\/www.sixt.se\/magazine\/wp-content\/uploads\/\/sites\/14\/2020\/12\/familj-som-badar-vidar-nordli-mathisen-1140px.jpg 1140w\" data-sizes=\"(max-width: 1024px) 100vw, 1024px\" src=\"data:image\/svg+xml;base64,PHN2ZyB3aWR0aD0iMSIgaGVpZ2h0PSIxIiB4bWxucz0iaHR0cDovL3d3dy53My5vcmcvMjAwMC9zdmciPjwvc3ZnPg==\" style=\"--smush-placeholder-width: 1024px; --smush-placeholder-aspect-ratio: 1024\/666;\" \/><\/figure><\/div>\n\n\n\n<p><strong>N\u00e4r det g\u00e4ller helgdagar, eller \u201dr\u00f6da dagar\u201d, och kl\u00e4mdagar \u00e4r det sk\u00f6nt om de ligger bra till. Vi vill g\u00e4rna kunna njuta av v\u00e5r lediga tid s\u00e5 l\u00e4nge som m\u00f6jligt, men d\u00e5 g\u00e4ller det att t\u00e4nka smart. F\u00f6rutom under sommarsemestern kan du v\u00e4lja att vara ledig vid andra tidpunkter ocks\u00e5, utan att det kostar f\u00f6r m\u00e5nga semesterdagar. Vi har gjort en sammanst\u00e4llning f\u00f6r att visa hur det ser ut f\u00f6r 2021. S\u00e5 h\u00e4r kan du anv\u00e4nda dina semesterdagar. Ta fram kalendern s\u00e5 k\u00f6r vi!<\/strong><\/p>\n\n\n\n<p>\u00c4ven i \u00e5r \u00e4r det sammanlagt tretton helgdagar och de f\u00f6rekommer mest i samband med de st\u00f6rre h\u00f6gtiderna: jul, p\u00e5sk och s\u00e5 vidare. Under 2021 har vi dessv\u00e4rre otur f\u00f6r att flera helgdagar ligger p\u00e5 en l\u00f6rdag eller s\u00f6ndag, som till exempel F\u00f6rsta maj. Jul och ny\u00e5r kommer ocks\u00e5 att f\u00e5 m\u00e5nga att h\u00e4nga l\u00e4pp, f\u00f6r de ligger p\u00e5 fredag, l\u00f6rdag, s\u00f6ndag. Men upp med hakan! I v\u00e5ra r\u00e4kneexempel hittar du i alla fall n\u00e5gra glada \u00f6verraskningar.<\/p>\n\n\n\n<h2 class=\"wp-block-heading\">Helgdagar \u2013 Lathund<\/h2>\n\n\n\n<p><strong>28 dec\u20133 jan<\/strong> \/ 3,5 semesterdagar = 7 lediga dagar (ny\u00e5r)<br><strong>27 mars\u20135 april<\/strong> \/ 3,5 semesterdagar = 10 lediga dagar (p\u00e5sk)<br><strong>8\u201316 maj<\/strong> \/ 3,5 semesterdagar = 9 lediga dagar (Kristi himmelsf\u00e4rd)<br><strong>19\u201327 juni<\/strong> \/ 4,5 semesterdagar = 9 lediga dagar (midsommar)<br><strong>24 dec\u20132 jan<\/strong> \/ 5 semesterdagar = 10 lediga dagar (jul och ny\u00e5r)<\/p>\n\n\n\n<p>H\u00e4r kan du se n\u00e4r det \u00e4r sportlov d\u00e4r du bor: <a rel=\"noreferrer noopener\" href=\"https:\/\/sportlov.org\/sportlov-vecka-for-vecka\/\" target=\"_blank\">Sportlovsvecka<\/a>  <\/p>\n\n\n\n<div class=\"wp-block-image is-style-default\"><figure class=\"aligncenter size-full\"><img decoding=\"async\" width=\"1200\" height=\"800\" data-src=\"https:\/\/se.sx-magazine-wp.sixt.io\/magazine\/wp-content\/uploads\/sites\/14\/2019\/12\/roven-images-Fyrverkerier-1200px.jpg\" alt=\"Fyrverkerier \/ Foto: Roven Images \" class=\"wp-image-3177 lazyload\" data-srcset=\"https:\/\/www.sixt.se\/magazine\/wp-content\/uploads\/\/sites\/14\/2019\/12\/roven-images-Fyrverkerier-1200px.jpg 1200w, https:\/\/www.sixt.se\/magazine\/wp-content\/uploads\/\/sites\/14\/2019\/12\/roven-images-Fyrverkerier-1200px-300x200.jpg 300w, https:\/\/www.sixt.se\/magazine\/wp-content\/uploads\/\/sites\/14\/2019\/12\/roven-images-Fyrverkerier-1200px-1024x683.jpg 1024w, https:\/\/www.sixt.se\/magazine\/wp-content\/uploads\/\/sites\/14\/2019\/12\/roven-images-Fyrverkerier-1200px-768x512.jpg 768w\" data-sizes=\"(max-width: 1200px) 100vw, 1200px\" src=\"data:image\/svg+xml;base64,PHN2ZyB3aWR0aD0iMSIgaGVpZ2h0PSIxIiB4bWxucz0iaHR0cDovL3d3dy53My5vcmcvMjAwMC9zdmciPjwvc3ZnPg==\" style=\"--smush-placeholder-width: 1200px; --smush-placeholder-aspect-ratio: 1200\/800;\" \/><\/figure><\/div>\n\n\n\n<h3 class=\"wp-block-heading\">Ny\u00e5ret <\/h3>\n\n\n\n<p>Det nya \u00e5ret 2021 kan b\u00f6rja med en veckas ledighet med hj\u00e4lp av n\u00e5gra helgdagar och <strong>3,5 semesterdagar<\/strong>. Det ger en sammanh\u00e5llen ledighet p\u00e5 nio dagar, fr\u00e5n den 28 december till den 3 januari. P\u00e5 s\u00e5 vis f\u00e5r du l\u00e5ng tid p\u00e5 dig att koppla av i hemmets lugna vr\u00e5, vilket verkar vara b\u00e4st just nu. Den som har m\u00f6jlighet kan passa p\u00e5 att <a aria-label=\" (opens in a new tab)\" rel=\"noreferrer noopener\" href=\"https:\/\/www.sixt.se\/biluthyrning\/sverige\/kiruna\" target=\"_blank\">\u00e5ka skidor i fj\u00e4llen<\/a>.&nbsp;Starta \u00e5ret rej\u00e4lt utvilad \u2013 och frisk f\u00f6rst\u00e5s!<\/p>\n\n\n\n<div class=\"wp-block-image\"><figure class=\"aligncenter size-large\"><img decoding=\"async\" width=\"1024\" height=\"683\" data-src=\"https:\/\/se.sx-magazine-wp.sixt.io\/magazine\/wp-content\/uploads\/sites\/14\/2020\/12\/pask_boba-jaglicic-1140px-1024x683.jpg\" alt=\"P\u00e5sk\u00e4gg \/ Foto: Boba Jaglicic\" class=\"wp-image-5390 lazyload\" data-srcset=\"https:\/\/www.sixt.se\/magazine\/wp-content\/uploads\/\/sites\/14\/2020\/12\/pask_boba-jaglicic-1140px-1024x683.jpg 1024w, https:\/\/www.sixt.se\/magazine\/wp-content\/uploads\/\/sites\/14\/2020\/12\/pask_boba-jaglicic-1140px-300x200.jpg 300w, https:\/\/www.sixt.se\/magazine\/wp-content\/uploads\/\/sites\/14\/2020\/12\/pask_boba-jaglicic-1140px-768x512.jpg 768w, https:\/\/www.sixt.se\/magazine\/wp-content\/uploads\/\/sites\/14\/2020\/12\/pask_boba-jaglicic-1140px.jpg 1140w\" data-sizes=\"(max-width: 1024px) 100vw, 1024px\" src=\"data:image\/svg+xml;base64,PHN2ZyB3aWR0aD0iMSIgaGVpZ2h0PSIxIiB4bWxucz0iaHR0cDovL3d3dy53My5vcmcvMjAwMC9zdmciPjwvc3ZnPg==\" style=\"--smush-placeholder-width: 1024px; --smush-placeholder-aspect-ratio: 1024\/683;\" \/><\/figure><\/div>\n\n\n\n<h3 class=\"wp-block-heading\">P\u00e5sken <\/h3>\n\n\n\n<p>P\u00e5sken \u00e4r tidig i \u00e5r. Den infaller redan den 2\u20135 april. Med lite pusslande g\u00e5r det att f\u00e5 ihop <strong>en ledighet p\u00e5 10 dagar<\/strong>, fr\u00e5n den 27 mars till den 5 april. Det kr\u00e4ver bara 3,5 semesterdagar (om inte sk\u00e4rtorsdag r\u00e4knas som halvdag). Det kan fortfarande vara klokt att h\u00e5lla sig hemmavid, men om v\u00e4dret till\u00e5ter g\u00e5r det fint att vistas i naturen. Bor du n\u00e4ra <a href=\"...resa\/roadtrip-pa-osterlen-sveriges-eget-provence\/\">\u00d6sterlen<\/a> i Sk\u00e5ne har du en underbar s\u00e4song att se fram emot.<\/p>\n\n\n\n<h3 class=\"wp-block-heading\">Valborgsm\u00e4ssoafton och 1 maj <\/h3>\n\n\n\n<p>Arbetarnas fridag p\u00e5 f\u00f6rsta maj infaller tyv\u00e4rr p\u00e5 en l\u00f6rdag i \u00e5r. Det \u00e4r sv\u00e5rt att trolla fram l\u00e5ng ledighet utan kl\u00e4mdagar. D\u00e5 \u00e4r det lika bra att fira in v\u00e5ren och v\u00e4nta med sk\u00f6na lediga dagar till Kristi himmelsf\u00e4rd&#8230;<\/p>\n\n\n\n<div class=\"wp-block-image\"><figure class=\"aligncenter size-full\"><img decoding=\"async\" width=\"1200\" height=\"750\" data-src=\"https:\/\/se.sx-magazine-wp.sixt.io\/magazine\/wp-content\/uploads\/sites\/14\/2019\/12\/arno-smit-spring_1200px.jpg\" alt=\"Blommande k\u00f6rsb\u00e4rstr\u00e4d \/ Foto: Arno Smit \" class=\"wp-image-3232 lazyload\" data-srcset=\"https:\/\/www.sixt.se\/magazine\/wp-content\/uploads\/\/sites\/14\/2019\/12\/arno-smit-spring_1200px.jpg 1200w, https:\/\/www.sixt.se\/magazine\/wp-content\/uploads\/\/sites\/14\/2019\/12\/arno-smit-spring_1200px-300x188.jpg 300w, https:\/\/www.sixt.se\/magazine\/wp-content\/uploads\/\/sites\/14\/2019\/12\/arno-smit-spring_1200px-1024x640.jpg 1024w, https:\/\/www.sixt.se\/magazine\/wp-content\/uploads\/\/sites\/14\/2019\/12\/arno-smit-spring_1200px-768x480.jpg 768w\" data-sizes=\"(max-width: 1200px) 100vw, 1200px\" src=\"data:image\/svg+xml;base64,PHN2ZyB3aWR0aD0iMSIgaGVpZ2h0PSIxIiB4bWxucz0iaHR0cDovL3d3dy53My5vcmcvMjAwMC9zdmciPjwvc3ZnPg==\" style=\"--smush-placeholder-width: 1200px; --smush-placeholder-aspect-ratio: 1200\/750;\" \/><\/figure><\/div>\n\n\n\n<h3 class=\"wp-block-heading\">Kristi himmelsf\u00e4rd <\/h3>\n\n\n\n<p>Den 13 maj infaller Kristi himmelsf\u00e4rdsdag och h\u00e4r finns utrymme f\u00f6r en l\u00e4ngre ledighet. Du kan vara ledig mellan den 8\u201316 maj till ett pris av <strong>4,5 semesterdagar<\/strong>. D\u00e5 f\u00e5r du h\u00e4rliga nio dagar att g\u00f6ra vad du vill p\u00e5. Vid den h\u00e4r tidpunkten kan resel\u00e4get se mycket b\u00e4ttre ut och d\u00e5 kan du passa p\u00e5 att bes\u00f6ka dina n\u00e4ra och k\u00e4ra.<\/p>\n\n\n\n<div class=\"wp-block-image\"><figure class=\"aligncenter size-large\"><img decoding=\"async\" width=\"1024\" height=\"681\" data-src=\"https:\/\/se.sx-magazine-wp.sixt.io\/magazine\/wp-content\/uploads\/sites\/14\/2020\/12\/midsommar-tobias-tullius-1140px-1024x681.jpg\" alt=\"Solnedg\u00e5ng \/ Foto: Tobias Tullius\" class=\"wp-image-5395 lazyload\" data-srcset=\"https:\/\/www.sixt.se\/magazine\/wp-content\/uploads\/\/sites\/14\/2020\/12\/midsommar-tobias-tullius-1140px-1024x681.jpg 1024w, https:\/\/www.sixt.se\/magazine\/wp-content\/uploads\/\/sites\/14\/2020\/12\/midsommar-tobias-tullius-1140px-300x199.jpg 300w, https:\/\/www.sixt.se\/magazine\/wp-content\/uploads\/\/sites\/14\/2020\/12\/midsommar-tobias-tullius-1140px-768x511.jpg 768w, https:\/\/www.sixt.se\/magazine\/wp-content\/uploads\/\/sites\/14\/2020\/12\/midsommar-tobias-tullius-1140px.jpg 1140w\" data-sizes=\"(max-width: 1024px) 100vw, 1024px\" src=\"data:image\/svg+xml;base64,PHN2ZyB3aWR0aD0iMSIgaGVpZ2h0PSIxIiB4bWxucz0iaHR0cDovL3d3dy53My5vcmcvMjAwMC9zdmciPjwvc3ZnPg==\" style=\"--smush-placeholder-width: 1024px; --smush-placeholder-aspect-ratio: 1024\/681;\" \/><\/figure><\/div>\n\n\n\n<h3 class=\"wp-block-heading\">Midsommar \u2600\ufe0f<\/h3>\n\n\n\n<p>Midsommarafton infaller f\u00f6rst den 26 juni, lite sent, men precis som vanligt \u00e4r det en fredag. De flesta vill s\u00e4kert spara semesterdagar till den &#8220;riktiga&#8221; semestern, men om du vill kan du med hj\u00e4lp av <strong>4,5 semesterdagar<\/strong> vara ledig en hel vecka. Mellan den 19 och 27 juni f\u00e5r du nio lediga dagar i rad.<\/p>\n\n\n\n<div class=\"wp-block-image\"><figure class=\"aligncenter size-large\"><img decoding=\"async\" width=\"1024\" height=\"683\" data-src=\"https:\/\/se.sx-magazine-wp.sixt.io\/magazine\/wp-content\/uploads\/sites\/14\/2020\/12\/julgran-sapan-patel-1140px-1024x683.jpg\" alt=\"Julgran med dekorationer \/ Foto: Sapan Patel\" class=\"wp-image-5397 lazyload\" data-srcset=\"https:\/\/www.sixt.se\/magazine\/wp-content\/uploads\/\/sites\/14\/2020\/12\/julgran-sapan-patel-1140px-1024x683.jpg 1024w, https:\/\/www.sixt.se\/magazine\/wp-content\/uploads\/\/sites\/14\/2020\/12\/julgran-sapan-patel-1140px-300x200.jpg 300w, https:\/\/www.sixt.se\/magazine\/wp-content\/uploads\/\/sites\/14\/2020\/12\/julgran-sapan-patel-1140px-768x512.jpg 768w, https:\/\/www.sixt.se\/magazine\/wp-content\/uploads\/\/sites\/14\/2020\/12\/julgran-sapan-patel-1140px.jpg 1140w\" data-sizes=\"(max-width: 1024px) 100vw, 1024px\" src=\"data:image\/svg+xml;base64,PHN2ZyB3aWR0aD0iMSIgaGVpZ2h0PSIxIiB4bWxucz0iaHR0cDovL3d3dy53My5vcmcvMjAwMC9zdmciPjwvc3ZnPg==\" style=\"--smush-placeholder-width: 1024px; --smush-placeholder-aspect-ratio: 1024\/683;\" \/><\/figure><\/div>\n\n\n\n<h3 class=\"wp-block-heading\">Julen<\/h3>\n\n\n\n<p>I december \u00e4r energiniv\u00e5n l\u00e5g hos m\u00e5nga. Mitt i vintern brukar det d\u00e4rf\u00f6r vara som allra viktigast att f\u00e5 en sammanh\u00e4ngande period f\u00f6r avkoppling. \u00c5r 2021 infaller julafton p\u00e5 en fredag och det inneb\u00e4r s\u00e4msta t\u00e4nkbara l\u00e4ge f\u00f6r att f\u00e5 ihop en l\u00e4ngre ledighet med hj\u00e4lp av kl\u00e4mdagar. Det finns inga! Men om du har sparat <strong>5 semesterdagar<\/strong> \u00e4r jullovet r\u00e4ddat. D\u00e5 f\u00e5r du vara ledig fr\u00e5n den 24 december till den 2 januari. L\u00e5t oss hoppas att vi kan umg\u00e5s med familj och goda v\u00e4nner som vanligt igen. Det kan vara v\u00e4rt n\u00e5gra extra semesterdagar efter det pr\u00f6vande \u00e5ret 2020.<\/p>\n\n\n\n<h3 class=\"wp-block-heading\">Ett tips fr\u00e5n SIXT:<\/h3>\n\n\n\n<p>Om du \u00e4r ute i tid n\u00e4r du bokar&nbsp;en <a aria-label=\" (opens in a new tab)\" rel=\"noreferrer noopener\" href=\"https:\/\/www.sixt.se\/\" target=\"_blank\">hyrbil fr\u00e5n Sixt<\/a> s\u00e5 kan du dra nytta av speciella erbjudanden och rabatter. P\u00e5 s\u00e5 vis kan du planera dina aktiviteter i lugn och ro och f\u00e5 en bra och avkopplande semester. Njut av det b\u00e4sta som \u00e5r 2021 kan ge dig och din familj.<\/p>\n\n\n\n<p>Text:&nbsp;<a href=\"https:\/\/www.sixt.se\/magazine\/author\/ingrid\/\">Ingrid Carlsson<\/a><\/p>\n<!-- AddThis Advanced Settings generic via filter on the_content --><!-- AddThis Share Buttons generic via filter on the_content -->","protected":false},"excerpt":{"rendered":"<p>N\u00e4r det g\u00e4ller helgdagar, eller \u201dr\u00f6da dagar\u201d, och kl\u00e4mdagar \u00e4r det sk\u00f6nt om de ligger bra till. Vi vill g\u00e4rna kunna njuta av v\u00e5r lediga tid s\u00e5 l\u00e4nge som m\u00f6jligt, men d\u00e5 g\u00e4ller det att t\u00e4nka smart. F\u00f6rutom under sommarsemestern kan du v\u00e4lja att vara ledig vid andra tidpunkter ocks\u00e5, utan att det kostar f\u00f6r&#8230;<!-- AddThis Advanced Settings generic via filter on get_the_excerpt --><!-- AddThis Share Buttons generic via filter on get_the_excerpt --><\/p>\n","protected":false},"author":57,"featured_media":5399,"comment_status":"open","ping_status":"open","sticky":false,"template":"","format":"standard","meta":{"_genesis_hide_title":false,"_genesis_hide_breadcrumbs":false,"_genesis_hide_singular_image":false,"_genesis_hide_footer_widgets":false,"_genesis_custom_body_class":"","_genesis_custom_post_class":"","_genesis_layout":"","ngg_post_thumbnail":0,"footnotes":""},"categories":[8],"tags":[45,107,72,12,108],"class_list":{"0":"post-5360","1":"post","2":"type-post","3":"status-publish","4":"format-standard","5":"has-post-thumbnail","7":"category-nyheter","8":"tag-badsemester","9":"tag-hemester","10":"tag-nyar","11":"tag-semester","12":"tag-svemester","13":"entry"},"yoast_head":"<!-- This site is optimized with the Yoast SEO plugin v27.1.1 - https:\/\/yoast.com\/product\/yoast-seo-wordpress\/ -->\n<title>Helgdagar 2021 och hur du b\u00e4st planerar din ledighet \u26f1\ufe0f - Sixt Sverige Magazine<\/title>\n<meta name=\"description\" content=\"H\u00e4r f\u00e5r du en sammanst\u00e4llning av helgdagar och r\u00f6da dagar under 2021. Vi tipsar om hur du anv\u00e4nder dina semesterdagar f\u00f6r l\u00e4ngre ledighet.\" \/>\n<meta name=\"robots\" content=\"index, follow, max-snippet:-1, max-image-preview:large, max-video-preview:-1\" \/>\n<link rel=\"canonical\" href=\"https:\/\/www.sixt.se\/magazine\/nyheter\/helgdagar-2021\/\" \/>\n<meta property=\"og:locale\" content=\"en_US\" \/>\n<meta property=\"og:type\" content=\"article\" \/>\n<meta property=\"og:title\" content=\"Helgdagar 2021 och hur du b\u00e4st planerar din ledighet \u26f1\ufe0f - Sixt Sverige Magazine\" \/>\n<meta property=\"og:description\" content=\"H\u00e4r f\u00e5r du en sammanst\u00e4llning av helgdagar och r\u00f6da dagar under 2021. Vi tipsar om hur du anv\u00e4nder dina semesterdagar f\u00f6r l\u00e4ngre ledighet.\" \/>\n<meta property=\"og:url\" content=\"https:\/\/www.sixt.se\/magazine\/nyheter\/helgdagar-2021\/\" \/>\n<meta property=\"og:site_name\" content=\"Sixt Sverige Magazine\" \/>\n<meta property=\"article:published_time\" content=\"2020-12-21T11:00:57+00:00\" \/>\n<meta property=\"og:image\" content=\"https:\/\/www.sixt.se\/magazine\/wp-content\/uploads\/\/sites\/14\/2020\/12\/familj-som-badar-vidar-nordli-mathisen-1140px.jpg\" \/>\n\t<meta property=\"og:image:width\" content=\"1140\" \/>\n\t<meta property=\"og:image:height\" content=\"741\" \/>\n\t<meta property=\"og:image:type\" content=\"image\/jpeg\" \/>\n<meta name=\"twitter:card\" content=\"summary_large_image\" \/>\n<meta name=\"twitter:label1\" content=\"Written by\" \/>\n\t<meta name=\"twitter:data1\" content=\"\" \/>\n\t<meta name=\"twitter:label2\" content=\"Est. reading time\" \/>\n\t<meta name=\"twitter:data2\" content=\"4 minutes\" \/>\n<!-- \/ Yoast SEO plugin. -->","yoast_head_json":{"title":"Helgdagar 2021 och hur du b\u00e4st planerar din ledighet \u26f1\ufe0f - Sixt Sverige Magazine","description":"H\u00e4r f\u00e5r du en sammanst\u00e4llning av helgdagar och r\u00f6da dagar under 2021. Vi tipsar om hur du anv\u00e4nder dina semesterdagar f\u00f6r l\u00e4ngre ledighet.","robots":{"index":"index","follow":"follow","max-snippet":"max-snippet:-1","max-image-preview":"max-image-preview:large","max-video-preview":"max-video-preview:-1"},"canonical":"https:\/\/www.sixt.se\/magazine\/nyheter\/helgdagar-2021\/","og_locale":"en_US","og_type":"article","og_title":"Helgdagar 2021 och hur du b\u00e4st planerar din ledighet \u26f1\ufe0f - Sixt Sverige Magazine","og_description":"H\u00e4r f\u00e5r du en sammanst\u00e4llning av helgdagar och r\u00f6da dagar under 2021. Vi tipsar om hur du anv\u00e4nder dina semesterdagar f\u00f6r l\u00e4ngre ledighet.","og_url":"https:\/\/www.sixt.se\/magazine\/nyheter\/helgdagar-2021\/","og_site_name":"Sixt Sverige Magazine","article_published_time":"2020-12-21T11:00:57+00:00","og_image":[{"width":1140,"height":741,"url":"https:\/\/www.sixt.se\/magazine\/wp-content\/uploads\/\/sites\/14\/2020\/12\/familj-som-badar-vidar-nordli-mathisen-1140px.jpg","type":"image\/jpeg"}],"twitter_card":"summary_large_image","twitter_misc":{"Written by":"","Est. reading time":"4 minutes"},"schema":{"@context":"https:\/\/schema.org","@graph":[{"@type":"Article","@id":"https:\/\/www.sixt.se\/magazine\/nyheter\/helgdagar-2021\/#article","isPartOf":{"@id":"https:\/\/www.sixt.se\/magazine\/nyheter\/helgdagar-2021\/"},"author":{"name":"","@id":""},"headline":"Helgdagar 2021 och hur du b\u00e4st planerar din ledighet \u26f1\ufe0f","datePublished":"2020-12-21T11:00:57+00:00","mainEntityOfPage":{"@id":"https:\/\/www.sixt.se\/magazine\/nyheter\/helgdagar-2021\/"},"wordCount":808,"commentCount":0,"image":{"@id":"https:\/\/www.sixt.se\/magazine\/nyheter\/helgdagar-2021\/#primaryimage"},"thumbnailUrl":"https:\/\/www.sixt.se\/magazine\/wp-content\/uploads\/\/sites\/14\/2020\/12\/familj-som-badar-vidar-nordli-mathisen-1140px.jpg","keywords":["badsemester","hemester","ny\u00e5r","semester","svemester"],"articleSection":["Nyheter"],"inLanguage":"en-US","potentialAction":[{"@type":"CommentAction","name":"Comment","target":["https:\/\/www.sixt.se\/magazine\/nyheter\/helgdagar-2021\/#respond"]}]},{"@type":"WebPage","@id":"https:\/\/www.sixt.se\/magazine\/nyheter\/helgdagar-2021\/","url":"https:\/\/www.sixt.se\/magazine\/nyheter\/helgdagar-2021\/","name":"Helgdagar 2021 och hur du b\u00e4st planerar din ledighet \u26f1\ufe0f - Sixt Sverige Magazine","isPartOf":{"@id":"https:\/\/www.sixt.se\/magazine\/#website"},"primaryImageOfPage":{"@id":"https:\/\/www.sixt.se\/magazine\/nyheter\/helgdagar-2021\/#primaryimage"},"image":{"@id":"https:\/\/www.sixt.se\/magazine\/nyheter\/helgdagar-2021\/#primaryimage"},"thumbnailUrl":"https:\/\/www.sixt.se\/magazine\/wp-content\/uploads\/\/sites\/14\/2020\/12\/familj-som-badar-vidar-nordli-mathisen-1140px.jpg","datePublished":"2020-12-21T11:00:57+00:00","author":{"@id":""},"description":"H\u00e4r f\u00e5r du en sammanst\u00e4llning av helgdagar och r\u00f6da dagar under 2021. Vi tipsar om hur du anv\u00e4nder dina semesterdagar f\u00f6r l\u00e4ngre ledighet.","breadcrumb":{"@id":"https:\/\/www.sixt.se\/magazine\/nyheter\/helgdagar-2021\/#breadcrumb"},"inLanguage":"en-US","potentialAction":[{"@type":"ReadAction","target":["https:\/\/www.sixt.se\/magazine\/nyheter\/helgdagar-2021\/"]}]},{"@type":"ImageObject","inLanguage":"en-US","@id":"https:\/\/www.sixt.se\/magazine\/nyheter\/helgdagar-2021\/#primaryimage","url":"https:\/\/www.sixt.se\/magazine\/wp-content\/uploads\/\/sites\/14\/2020\/12\/familj-som-badar-vidar-nordli-mathisen-1140px.jpg","contentUrl":"https:\/\/www.sixt.se\/magazine\/wp-content\/uploads\/\/sites\/14\/2020\/12\/familj-som-badar-vidar-nordli-mathisen-1140px.jpg","width":1140,"height":741,"caption":"Familjer som badar \/ Foto: Vidar Nordli-Mathisen"},{"@type":"BreadcrumbList","@id":"https:\/\/www.sixt.se\/magazine\/nyheter\/helgdagar-2021\/#breadcrumb","itemListElement":[{"@type":"ListItem","position":1,"name":"Home","item":"https:\/\/www.sixt.se\/magazine\/"},{"@type":"ListItem","position":2,"name":"Helgdagar 2021 och hur du b\u00e4st planerar din ledighet \u26f1\ufe0f"}]},{"@type":"WebSite","@id":"https:\/\/www.sixt.se\/magazine\/#website","url":"https:\/\/www.sixt.se\/magazine\/","name":"Sixt Sverige Magazine","description":"Nyheter och resetips fr\u00e5n SIXT","potentialAction":[{"@type":"SearchAction","target":{"@type":"EntryPoint","urlTemplate":"https:\/\/www.sixt.se\/magazine\/?s={search_term_string}"},"query-input":{"@type":"PropertyValueSpecification","valueRequired":true,"valueName":"search_term_string"}}],"inLanguage":"en-US"},{"@type":"Person","@id":"","url":"https:\/\/www.sixt.se\/magazine\/author\/"}]}},"_links":{"self":[{"href":"https:\/\/www.sixt.se\/magazine\/wp-json\/wp\/v2\/posts\/5360","targetHints":{"allow":["GET"]}}],"collection":[{"href":"https:\/\/www.sixt.se\/magazine\/wp-json\/wp\/v2\/posts"}],"about":[{"href":"https:\/\/www.sixt.se\/magazine\/wp-json\/wp\/v2\/types\/post"}],"author":[{"embeddable":true,"href":"https:\/\/www.sixt.se\/magazine\/wp-json\/wp\/v2\/users\/57"}],"replies":[{"embeddable":true,"href":"https:\/\/www.sixt.se\/magazine\/wp-json\/wp\/v2\/comments?post=5360"}],"version-history":[{"count":0,"href":"https:\/\/www.sixt.se\/magazine\/wp-json\/wp\/v2\/posts\/5360\/revisions"}],"wp:featuredmedia":[{"embeddable":true,"href":"https:\/\/www.sixt.se\/magazine\/wp-json\/wp\/v2\/media\/5399"}],"wp:attachment":[{"href":"https:\/\/www.sixt.se\/magazine\/wp-json\/wp\/v2\/media?parent=5360"}],"wp:term":[{"taxonomy":"category","embeddable":true,"href":"https:\/\/www.sixt.se\/magazine\/wp-json\/wp\/v2\/categories?post=5360"},{"taxonomy":"post_tag","embeddable":true,"href":"https:\/\/www.sixt.se\/magazine\/wp-json\/wp\/v2\/tags?post=5360"}],"curies":[{"name":"wp","href":"https:\/\/api.w.org\/{rel}","templated":true}]}}