{"id":6060,"date":"2021-06-28T07:35:22","date_gmt":"2021-06-28T07:35:22","guid":{"rendered":"https:\/\/se.sx-magazine-wp.sixt.io\/magazine\/?p=6060"},"modified":"2021-06-28T07:35:23","modified_gmt":"2021-06-28T07:35:23","slug":"dashcam-i-bilen-vilka-regler-galler","status":"publish","type":"post","link":"https:\/\/www.sixt.se\/magazine\/guider\/dashcam-i-bilen-vilka-regler-galler\/","title":{"rendered":"Dashcam i bilen \u2013 vilka regler g\u00e4ller?"},"content":{"rendered":"\n<p><strong>Begreppet <em>dashcam<\/em> inneb\u00e4r en liten kamera som antingen \u00e4r f\u00e4st p\u00e5 instrumentbr\u00e4dan eller innanf\u00f6r vindrutan p\u00e5 bilen. Den kan anv\u00e4ndas f\u00f6r att filma olika trafiksituationer. Ute i Europa \u00e4r de sm\u00e5 kamerorna kontroversiella, och de \u00e4r inte heller lagliga i alla l\u00e4nder. H\u00e4r f\u00e5r du veta mer om vad en dashcam \u00e4r och vad som kr\u00e4vs f\u00f6r att f\u00e5 anv\u00e4nda en.<\/strong><\/p>\n\n\n\n<div class=\"wp-block-image\"><figure class=\"aligncenter\"><img decoding=\"async\" data-src=\"https:\/\/de.sx-magazine-wp.sixt.io\/magazine\/wp-content\/uploads\/sites\/2\/2021\/03\/dashcam-im-auto-1024x683.jpg\" alt=\"Dashcams im Auto\" class=\"wp-image-7387 lazyload\" src=\"data:image\/svg+xml;base64,PHN2ZyB3aWR0aD0iMSIgaGVpZ2h0PSIxIiB4bWxucz0iaHR0cDovL3d3dy53My5vcmcvMjAwMC9zdmciPjwvc3ZnPg==\" style=\"--smush-placeholder-width: 1024px; --smush-placeholder-aspect-ratio: 1024\/683;\" \/><\/figure><\/div>\n\n\n\n<h2 class=\"wp-block-heading\">Sv\u00e5rtolkat om dashcam i Sverige<\/h2>\n\n\n\n<p>F\u00f6r cirka 5 \u00e5r sedan f\u00f6rkunnade man att nu var det fullt lagligt att ha en dashcam i bilen! Tyv\u00e4rr \u00e4r det inte fullt s\u00e5 enkelt. Visst \u00e4r det lagligt med bilkameror, men det finns gr\u00e5zoner att ta h\u00e4nsyn till. <strong>Integritetsskyddsmyndigheten<\/strong> (f.d. Datainspektionen)  har st\u00e4llt sig tveksamma till kameror i bilar och p\u00e5 cyklar eftersom de anses bryta mot <strong>kamera\u00f6vervakningslagen<\/strong> (se citat nedan). D\u00e4rf\u00f6r borde det kr\u00e4vas tillst\u00e5nd f\u00f6r att f\u00e5 anv\u00e4nda dem. H\u00f6gsta f\u00f6rvaltningsdomstolen slog dock fast i ett m\u00e5l 2016 att tillst\u00e5nd inte ska beh\u00f6vas. <\/p>\n\n\n\n<blockquote class=\"wp-block-quote is-layout-flow wp-block-quote-is-layout-flow\"><p>Du f\u00e5r montera en kamera p\u00e5 eller i din bil, en s\u00e5 kallad dashcam, om du kan uppfylla kraven i <a href=\"https:\/\/www.imy.se\/privatperson\/dataskydd\/introduktion-till-gdpr\/\" target=\"_blank\" rel=\"noreferrer noopener\">dataskyddsf\u00f6rordningen<\/a> och <a href=\"https:\/\/www.imy.se\/verksamhet\/kamerabevakning\/kamerabevakningslagen\/\" target=\"_blank\" rel=\"noreferrer noopener\">kamerabevakningslagen<\/a>. Det \u00e4r dock sv\u00e5rt f\u00f6r dig att uppfylla alla de skyldigheter du har som personuppgiftsansvarig n\u00e4r din bil \u00e4r i r\u00f6relse eftersom mycket information kan komma att omfattas av bevakningen. Det g\u00e4ller bland annat skyldigheten att informera om bevakningen.<\/p><cite>K\u00e4lla: <a href=\"https:\/\/www.imy.se\/privatperson\/kamerabevakning\/om-du-vill-kamerabevaka\/\" target=\"_blank\" rel=\"noreferrer noopener\">Integritetsskyddsmyndigheten<\/a> (IMY)<\/cite><\/blockquote>\n\n\n\n<h3 class=\"wp-block-heading\">Vad \u00e4r det d\u00e5 IMY oroar sig f\u00f6r?<\/h3>\n\n\n\n<p>Vanliga <strong>\u00f6vervakningskameror<\/strong> som \u00e4r station\u00e4ra kr\u00e4ver tillst\u00e5nd eftersom m\u00e4nniskor bevakas och kan identifieras via filmerna. I en bil ser det lite annorlunda ut. D\u00e5 filmar man omgivningen under f\u00e4rd och det blir kanske inte lika enkelt att identifiera enskilda personer. Ist\u00e4llet dokumenteras fordon och registreringsskyltar. Kameran finns fr\u00e4mst till f\u00f6r att <strong>dokumentera olyckor<\/strong>, vilket <strong>f\u00f6rs\u00e4kringsbolagen<\/strong> hoppar h\u00f6gt av gl\u00e4dje \u00f6ver. Med bevismaterial fr\u00e5n en dashcam blir det s\u00e5 mycket enklare f\u00f6r dem att avg\u00f6ra skuldfr\u00e5gan. IMY verkar ocks\u00e5 ha \u00e4ndrat uppfattning en aning. I \u00a73, punkt<span style=\"color:white\">.<\/span>1 i kamera\u00f6vervakningslagen st\u00e5r f\u00f6ljande att l\u00e4sa:<\/p>\n\n\n\n<blockquote class=\"wp-block-quote is-layout-flow wp-block-quote-is-layout-flow\"><p>Lagen omfattar normalt inte heller anv\u00e4ndning av exempelvis en webbkamera, utrustning f\u00f6r videokonferens, <strong>en kamera placerad p\u00e5 vindrutan i en bil <\/strong>eller en kamera f\u00e4st p\u00e5 ett cykelstyre f\u00f6rutsatt att anv\u00e4ndaren \u00e4r i kamerans eller utrustningens omedelbara n\u00e4rhet och fortl\u00f6pande styr \u00f6ver denna, dvs. avg\u00f6r att den ska anv\u00e4ndas och vad som ska fotograferas eller filmas.<\/p><cite>K\u00e4lla: <a href=\"https:\/\/www.imy.se\/verksamhet\/kamerabevakning\/kamerabevakningslagen\/\" target=\"_blank\" rel=\"noreferrer noopener\">Kamerabevakningslagen<\/a><\/cite><\/blockquote>\n\n\n\n<div class=\"wp-block-image\"><figure class=\"aligncenter size-large\"><img decoding=\"async\" width=\"1024\" height=\"684\" data-src=\"https:\/\/www.sixt.se\/magazine\/wp-content\/uploads\/\/sites\/14\/2021\/06\/dashcam_SH_1017220168-1024x684.jpg\" alt=\"\" class=\"wp-image-6110 lazyload\" data-srcset=\"https:\/\/www.sixt.se\/magazine\/wp-content\/uploads\/\/sites\/14\/2021\/06\/dashcam_SH_1017220168-1024x684.jpg 1024w, https:\/\/www.sixt.se\/magazine\/wp-content\/uploads\/\/sites\/14\/2021\/06\/dashcam_SH_1017220168-300x200.jpg 300w, https:\/\/www.sixt.se\/magazine\/wp-content\/uploads\/\/sites\/14\/2021\/06\/dashcam_SH_1017220168-768x513.jpg 768w, https:\/\/www.sixt.se\/magazine\/wp-content\/uploads\/\/sites\/14\/2021\/06\/dashcam_SH_1017220168.jpg 1200w\" data-sizes=\"(max-width: 1024px) 100vw, 1024px\" src=\"data:image\/svg+xml;base64,PHN2ZyB3aWR0aD0iMSIgaGVpZ2h0PSIxIiB4bWxucz0iaHR0cDovL3d3dy53My5vcmcvMjAwMC9zdmciPjwvc3ZnPg==\" style=\"--smush-placeholder-width: 1024px; --smush-placeholder-aspect-ratio: 1024\/684;\" \/><\/figure><\/div>\n\n\n\n<h2 class=\"wp-block-heading\">Vad g\u00e4ller i \u00f6vriga Europa?<\/h2>\n\n\n\n<h3 class=\"wp-block-heading\">Tyskland har str\u00e4nga regler<\/h3>\n\n\n\n<p>Inf\u00f6randet av dataskyddslagen och den allm\u00e4nna dataskyddsf\u00f6rordningen (GDPR) i Tyskland g\u00f6r att man st\u00e4ller sig mycket tveksam till anv\u00e4ndandet av dashcams. Detta beror f\u00f6rst\u00e5s p\u00e5 att kameran filmar andra medtrafikanter och deras registreringsskyltar. Rent allm\u00e4nt \u00e4r inte detta ett lagbrott, s\u00e5 l\u00e4nge ber\u00f6rda personer inget m\u00e4rker och inte vet vad som h\u00e4nder med materialet. D\u00e4remot \u00e4r ett offentligg\u00f6rande utan samtycke \u2013 och utan att personer som visas i materialet anonymiserats \u2013 <strong>ett allvarlig brott<\/strong> mot g\u00e4llande lag. <\/p>\n\n\n\n<p>Om en videoinspelning avsedd f\u00f6r att dokumentera missf\u00f6rh\u00e5llanden i trafiken presenteras f\u00f6r tyska polisen, d\u00e5 fungerar den inte som bevis p\u00e5 vad du utsatts f\u00f6r. Tv\u00e4rtom! Du kan \u00e5ka dit f\u00f6r brott mot dataskyddslagen. Trafikinspelningar f\u00e5r endast g\u00f6ras av polisen. Tyskland h\u00e5ller h\u00e5rt p\u00e5 medborgarnas integritet, s\u00e5 b\u00e4st \u00e4r att sl\u00e5 av kameran (eller montera ner den helt) om du \u00e4r ute och k\u00f6r i landet. Annars riskerar du skyh\u00f6ga b\u00f6ter.<\/p>\n\n\n\n<h3 class=\"wp-block-heading\">I andra europeiska l\u00e4nder<\/h3>\n\n\n\n<p>I \u00f6vriga Europa skiljer sig lagarna fr\u00e5n land till land. Men precis som i Sverige \u00e4r de inte s\u00e5 tydliga, och det finns m\u00e5nga t\u00e4nkbara tolkningar. H\u00e4r f\u00f6ljer lagarna i korthet i ett antal l\u00e4nder&#8230;<\/p>\n\n\n\n<ul class=\"wp-block-list\"><li>I <strong>\u00d6sterrike<\/strong> kan du till exempel bara anv\u00e4nda en bilkamera om du har s\u00e4rskilt tillst\u00e5nd.<\/li><li>I <strong>Belgien, Luxemburg, Portugal<\/strong> och <strong>Schweiz<\/strong> avr\u00e5der man skarpt ifr\u00e5n att anv\u00e4nda dashcams.<\/li><li>I l\u00e4nder som <strong>Bosnien-Hercegovina, Danmark, Finland<\/strong> och <strong>Frankrike<\/strong> kan inspelningar anv\u00e4ndas som bevis, men den andra parten som \u00e4r inblandad i olyckan b\u00f6r informeras om att materialet finns och kommer anv\u00e4ndas.<\/li><li>I <strong>Storbritannien, Italien, Malta, Norge <\/strong>och <strong>Nederl\u00e4nderna<\/strong> f\u00e5r inspelningar g\u00f6ras endast f\u00f6r privat bruk.<\/li><li>I <strong>Polen<\/strong> f\u00f6reskriver lagen att kameran m\u00e5ste vara l\u00e4tt att ta bort och att inspelningarna ska raderas regelbundet.<\/li><li>L\u00e4nder som <strong>Serbien<\/strong>, <strong>Spanien<\/strong> och <strong>Ungern<\/strong> s\u00e4ger att kameran ska ha l\u00e5g uppl\u00f6sning, och data som inte anv\u00e4nds b\u00f6r raderas senast efter fem dagar. Tillg\u00e5ng f\u00f6r tredje part nekas naturligtvis ocks\u00e5.<\/li><\/ul>\n\n\n\n<h2 class=\"wp-block-heading\">Sammanfattning<\/h2>\n\n\n\n<p>Kort och gott kan man s\u00e4ga att det inte finns n\u00e5gra tydliga regler f\u00f6r dashcams. Tv\u00e4rtom l\u00e4mnas mycket utrymme f\u00f6r egna tolkningar. En sak \u00e4r dock s\u00e4ker: ju mer du tar reda p\u00e5 i \u00e4mnet, desto mindre \u00e4r risken att du bryter mot lagen n\u00e4r du \u00e4r ute och k\u00f6r i Europa. Som redan n\u00e4mnts s\u00e5 har olika l\u00e4nder valt att n\u00e4rma sig fr\u00e5gan p\u00e5 lite olika s\u00e4tt. B\u00e4st \u00e4r att du undviker att anv\u00e4nda en dashcam helt och h\u00e5llet. Det \u00e4r det absolut fr\u00e4msta s\u00e4ttet att h\u00e5lla sig p\u00e5 r\u00e4tt sida av lagen.<\/p>\n\n\n\n<p><em>Artikeln publicerades f\u00f6rst p\u00e5 <a href=\"https:\/\/www.sixt.de\/magazine\/ratgeber\/dashcams-im-auto\/\" target=\"_blank\" rel=\"noreferrer noopener\">SIXT Magazine Tyskland<\/a><\/em><\/p>\n<!-- AddThis Advanced Settings generic via filter on the_content --><!-- AddThis Share Buttons generic via filter on the_content -->","protected":false},"excerpt":{"rendered":"<p>Begreppet dashcam inneb\u00e4r en liten kamera som antingen \u00e4r f\u00e4st p\u00e5 instrumentbr\u00e4dan eller innanf\u00f6r vindrutan p\u00e5 bilen. Den kan anv\u00e4ndas f\u00f6r att filma olika trafiksituationer. Ute i Europa \u00e4r de sm\u00e5 kamerorna kontroversiella, och de \u00e4r inte heller lagliga i alla l\u00e4nder. H\u00e4r f\u00e5r du veta mer om vad en dashcam \u00e4r och vad som&#8230;<!-- AddThis Advanced Settings generic via filter on get_the_excerpt --><!-- AddThis Share Buttons generic via filter on get_the_excerpt --><\/p>\n","protected":false},"author":57,"featured_media":6098,"comment_status":"open","ping_status":"open","sticky":false,"template":"","format":"standard","meta":{"_genesis_hide_title":false,"_genesis_hide_breadcrumbs":false,"_genesis_hide_singular_image":false,"_genesis_hide_footer_widgets":false,"_genesis_custom_body_class":"","_genesis_custom_post_class":"","_genesis_layout":"","ngg_post_thumbnail":0,"footnotes":""},"categories":[3,8],"tags":[17,18,90,31,82,37],"class_list":{"0":"post-6060","1":"post","2":"type-post","3":"status-publish","4":"format-standard","5":"has-post-thumbnail","7":"category-guider","8":"category-nyheter","9":"tag-bilar","10":"tag-bilsemester","11":"tag-europa","12":"tag-forsakringar","13":"tag-kora-bil","14":"tag-teknik","15":"entry"},"yoast_head":"<!-- This site is optimized with the Yoast SEO plugin v27.1.1 - https:\/\/yoast.com\/product\/yoast-seo-wordpress\/ -->\n<title>Dashcam i bilen \u2013 vilka regler g\u00e4ller? - Sixt Sverige Magazine<\/title>\n<meta name=\"description\" content=\"En dashcam \u00e4r en liten kamera p\u00e5 instrumentbr\u00e4dan eller vindrutan. Den anv\u00e4nds f\u00f6r att filma trafiksituationer, men \u00e4r inte alltid laglig.\" \/>\n<meta name=\"robots\" content=\"index, follow, max-snippet:-1, max-image-preview:large, max-video-preview:-1\" \/>\n<link rel=\"canonical\" href=\"https:\/\/www.sixt.se\/magazine\/guider\/dashcam-i-bilen-vilka-regler-galler\/\" \/>\n<meta property=\"og:locale\" content=\"en_US\" \/>\n<meta property=\"og:type\" content=\"article\" \/>\n<meta property=\"og:title\" content=\"Dashcam i bilen \u2013 vilka regler g\u00e4ller? - Sixt Sverige Magazine\" \/>\n<meta property=\"og:description\" content=\"En dashcam \u00e4r en liten kamera p\u00e5 instrumentbr\u00e4dan eller vindrutan. Den anv\u00e4nds f\u00f6r att filma trafiksituationer, men \u00e4r inte alltid laglig.\" \/>\n<meta property=\"og:url\" content=\"https:\/\/www.sixt.se\/magazine\/guider\/dashcam-i-bilen-vilka-regler-galler\/\" \/>\n<meta property=\"og:site_name\" content=\"Sixt Sverige Magazine\" \/>\n<meta property=\"article:published_time\" content=\"2021-06-28T07:35:22+00:00\" \/>\n<meta property=\"article:modified_time\" content=\"2021-06-28T07:35:23+00:00\" \/>\n<meta property=\"og:image\" content=\"https:\/\/www.sixt.se\/magazine\/wp-content\/uploads\/\/sites\/14\/2021\/06\/dashcam-i-bilen.jpg\" \/>\n\t<meta property=\"og:image:width\" content=\"1200\" \/>\n\t<meta property=\"og:image:height\" content=\"800\" \/>\n\t<meta property=\"og:image:type\" content=\"image\/jpeg\" \/>\n<meta name=\"twitter:card\" content=\"summary_large_image\" \/>\n<meta name=\"twitter:label1\" content=\"Written by\" \/>\n\t<meta name=\"twitter:data1\" content=\"\" \/>\n\t<meta name=\"twitter:label2\" content=\"Est. reading time\" \/>\n\t<meta name=\"twitter:data2\" content=\"5 minutes\" \/>\n<!-- \/ Yoast SEO plugin. -->","yoast_head_json":{"title":"Dashcam i bilen \u2013 vilka regler g\u00e4ller? - Sixt Sverige Magazine","description":"En dashcam \u00e4r en liten kamera p\u00e5 instrumentbr\u00e4dan eller vindrutan. Den anv\u00e4nds f\u00f6r att filma trafiksituationer, men \u00e4r inte alltid laglig.","robots":{"index":"index","follow":"follow","max-snippet":"max-snippet:-1","max-image-preview":"max-image-preview:large","max-video-preview":"max-video-preview:-1"},"canonical":"https:\/\/www.sixt.se\/magazine\/guider\/dashcam-i-bilen-vilka-regler-galler\/","og_locale":"en_US","og_type":"article","og_title":"Dashcam i bilen \u2013 vilka regler g\u00e4ller? - Sixt Sverige Magazine","og_description":"En dashcam \u00e4r en liten kamera p\u00e5 instrumentbr\u00e4dan eller vindrutan. Den anv\u00e4nds f\u00f6r att filma trafiksituationer, men \u00e4r inte alltid laglig.","og_url":"https:\/\/www.sixt.se\/magazine\/guider\/dashcam-i-bilen-vilka-regler-galler\/","og_site_name":"Sixt Sverige Magazine","article_published_time":"2021-06-28T07:35:22+00:00","article_modified_time":"2021-06-28T07:35:23+00:00","og_image":[{"width":1200,"height":800,"url":"https:\/\/www.sixt.se\/magazine\/wp-content\/uploads\/\/sites\/14\/2021\/06\/dashcam-i-bilen.jpg","type":"image\/jpeg"}],"twitter_card":"summary_large_image","twitter_misc":{"Written by":"","Est. reading time":"5 minutes"},"schema":{"@context":"https:\/\/schema.org","@graph":[{"@type":"Article","@id":"https:\/\/www.sixt.se\/magazine\/guider\/dashcam-i-bilen-vilka-regler-galler\/#article","isPartOf":{"@id":"https:\/\/www.sixt.se\/magazine\/guider\/dashcam-i-bilen-vilka-regler-galler\/"},"author":{"name":"","@id":""},"headline":"Dashcam i bilen \u2013 vilka regler g\u00e4ller?","datePublished":"2021-06-28T07:35:22+00:00","dateModified":"2021-06-28T07:35:23+00:00","mainEntityOfPage":{"@id":"https:\/\/www.sixt.se\/magazine\/guider\/dashcam-i-bilen-vilka-regler-galler\/"},"wordCount":956,"commentCount":0,"image":{"@id":"https:\/\/www.sixt.se\/magazine\/guider\/dashcam-i-bilen-vilka-regler-galler\/#primaryimage"},"thumbnailUrl":"https:\/\/www.sixt.se\/magazine\/wp-content\/uploads\/\/sites\/14\/2021\/06\/dashcam-i-bilen.jpg","keywords":["bilar","bilsemester","Europa","f\u00f6rs\u00e4kringar","k\u00f6ra bil","teknik"],"articleSection":["Guider och tips","Nyheter"],"inLanguage":"en-US","potentialAction":[{"@type":"CommentAction","name":"Comment","target":["https:\/\/www.sixt.se\/magazine\/guider\/dashcam-i-bilen-vilka-regler-galler\/#respond"]}]},{"@type":"WebPage","@id":"https:\/\/www.sixt.se\/magazine\/guider\/dashcam-i-bilen-vilka-regler-galler\/","url":"https:\/\/www.sixt.se\/magazine\/guider\/dashcam-i-bilen-vilka-regler-galler\/","name":"Dashcam i bilen \u2013 vilka regler g\u00e4ller? - Sixt Sverige Magazine","isPartOf":{"@id":"https:\/\/www.sixt.se\/magazine\/#website"},"primaryImageOfPage":{"@id":"https:\/\/www.sixt.se\/magazine\/guider\/dashcam-i-bilen-vilka-regler-galler\/#primaryimage"},"image":{"@id":"https:\/\/www.sixt.se\/magazine\/guider\/dashcam-i-bilen-vilka-regler-galler\/#primaryimage"},"thumbnailUrl":"https:\/\/www.sixt.se\/magazine\/wp-content\/uploads\/\/sites\/14\/2021\/06\/dashcam-i-bilen.jpg","datePublished":"2021-06-28T07:35:22+00:00","dateModified":"2021-06-28T07:35:23+00:00","author":{"@id":""},"description":"En dashcam \u00e4r en liten kamera p\u00e5 instrumentbr\u00e4dan eller vindrutan. Den anv\u00e4nds f\u00f6r att filma trafiksituationer, men \u00e4r inte alltid laglig.","breadcrumb":{"@id":"https:\/\/www.sixt.se\/magazine\/guider\/dashcam-i-bilen-vilka-regler-galler\/#breadcrumb"},"inLanguage":"en-US","potentialAction":[{"@type":"ReadAction","target":["https:\/\/www.sixt.se\/magazine\/guider\/dashcam-i-bilen-vilka-regler-galler\/"]}]},{"@type":"ImageObject","inLanguage":"en-US","@id":"https:\/\/www.sixt.se\/magazine\/guider\/dashcam-i-bilen-vilka-regler-galler\/#primaryimage","url":"https:\/\/www.sixt.se\/magazine\/wp-content\/uploads\/\/sites\/14\/2021\/06\/dashcam-i-bilen.jpg","contentUrl":"https:\/\/www.sixt.se\/magazine\/wp-content\/uploads\/\/sites\/14\/2021\/06\/dashcam-i-bilen.jpg","width":1200,"height":800,"caption":"Dashcam i bilen"},{"@type":"BreadcrumbList","@id":"https:\/\/www.sixt.se\/magazine\/guider\/dashcam-i-bilen-vilka-regler-galler\/#breadcrumb","itemListElement":[{"@type":"ListItem","position":1,"name":"Home","item":"https:\/\/www.sixt.se\/magazine\/"},{"@type":"ListItem","position":2,"name":"Dashcam i bilen \u2013 vilka regler g\u00e4ller?"}]},{"@type":"WebSite","@id":"https:\/\/www.sixt.se\/magazine\/#website","url":"https:\/\/www.sixt.se\/magazine\/","name":"Sixt Sverige Magazine","description":"Nyheter och resetips fr\u00e5n SIXT","potentialAction":[{"@type":"SearchAction","target":{"@type":"EntryPoint","urlTemplate":"https:\/\/www.sixt.se\/magazine\/?s={search_term_string}"},"query-input":{"@type":"PropertyValueSpecification","valueRequired":true,"valueName":"search_term_string"}}],"inLanguage":"en-US"},{"@type":"Person","@id":"","url":"https:\/\/www.sixt.se\/magazine\/author\/"}]}},"_links":{"self":[{"href":"https:\/\/www.sixt.se\/magazine\/wp-json\/wp\/v2\/posts\/6060","targetHints":{"allow":["GET"]}}],"collection":[{"href":"https:\/\/www.sixt.se\/magazine\/wp-json\/wp\/v2\/posts"}],"about":[{"href":"https:\/\/www.sixt.se\/magazine\/wp-json\/wp\/v2\/types\/post"}],"author":[{"embeddable":true,"href":"https:\/\/www.sixt.se\/magazine\/wp-json\/wp\/v2\/users\/57"}],"replies":[{"embeddable":true,"href":"https:\/\/www.sixt.se\/magazine\/wp-json\/wp\/v2\/comments?post=6060"}],"version-history":[{"count":0,"href":"https:\/\/www.sixt.se\/magazine\/wp-json\/wp\/v2\/posts\/6060\/revisions"}],"wp:featuredmedia":[{"embeddable":true,"href":"https:\/\/www.sixt.se\/magazine\/wp-json\/wp\/v2\/media\/6098"}],"wp:attachment":[{"href":"https:\/\/www.sixt.se\/magazine\/wp-json\/wp\/v2\/media?parent=6060"}],"wp:term":[{"taxonomy":"category","embeddable":true,"href":"https:\/\/www.sixt.se\/magazine\/wp-json\/wp\/v2\/categories?post=6060"},{"taxonomy":"post_tag","embeddable":true,"href":"https:\/\/www.sixt.se\/magazine\/wp-json\/wp\/v2\/tags?post=6060"}],"curies":[{"name":"wp","href":"https:\/\/api.w.org\/{rel}","templated":true}]}}