{"id":7862,"date":"2023-01-18T16:17:27","date_gmt":"2023-01-18T16:17:27","guid":{"rendered":"https:\/\/www.sixt.se\/magazine\/?p=7862"},"modified":"2023-01-18T16:17:29","modified_gmt":"2023-01-18T16:17:29","slug":"lavinrisken","status":"publish","type":"post","link":"https:\/\/www.sixt.se\/magazine\/nyheter\/lavinrisken\/","title":{"rendered":"Lavinrisken p\u00e5 skidsemestern 2023"},"content":{"rendered":"\n<figure class=\"wp-block-image size-large\"><img decoding=\"async\" width=\"1024\" height=\"655\" data-src=\"https:\/\/www.sixt.se\/magazine\/wp-content\/uploads\/\/sites\/14\/2023\/01\/skidsemester-1024x655.jpg\" alt=\"Lavinrisken p\u00e5 skidsemestern 2023: snowboard\u00e5kare\" class=\"wp-image-7863 lazyload\" data-srcset=\"https:\/\/www.sixt.se\/magazine\/wp-content\/uploads\/\/sites\/14\/2023\/01\/skidsemester-1024x655.jpg 1024w, https:\/\/www.sixt.se\/magazine\/wp-content\/uploads\/\/sites\/14\/2023\/01\/skidsemester-300x192.jpg 300w, https:\/\/www.sixt.se\/magazine\/wp-content\/uploads\/\/sites\/14\/2023\/01\/skidsemester-768x491.jpg 768w, https:\/\/www.sixt.se\/magazine\/wp-content\/uploads\/\/sites\/14\/2023\/01\/skidsemester.jpg 1140w\" data-sizes=\"(max-width: 1024px) 100vw, 1024px\" src=\"data:image\/svg+xml;base64,PHN2ZyB3aWR0aD0iMSIgaGVpZ2h0PSIxIiB4bWxucz0iaHR0cDovL3d3dy53My5vcmcvMjAwMC9zdmciPjwvc3ZnPg==\" style=\"--smush-placeholder-width: 1024px; --smush-placeholder-aspect-ratio: 1024\/655;\" \/><\/figure>\n\n\n\n<p><strong>I \u00e5r \u00e4r sn\u00f6m\u00e4ngden ovanligt l\u00e5g f\u00f6r s\u00e4songen, b\u00e5de i Sverige och utomlands. I \u00d6sterrike och alpregionen k\u00e4mpar m\u00e5nga skidorter f\u00f6r sin \u00f6verlevnad. Bristen p\u00e5 sn\u00f6 leder \u00e4ven till att lavinrisken \u00f6kar, och det \u00e4r n\u00e5got du b\u00f6r t\u00e4nka p\u00e5 n\u00e4r du bokar skidsemestern i \u00e5r.<\/strong><br><br>I ett pressmeddelande redan f\u00f6re jul gick <a href=\"https:\/\/www.naturvardsverket.se\/\" target=\"_blank\" rel=\"noreferrer noopener\">Naturv\u00e5rdsverket<\/a> ut med en varning f\u00f6r lavinfara. Det \u00e4r f\u00f6rst\u00e5s \u00e4nnu sv\u00e5rt att sia om exakt hur s\u00e4songen kommer att bli. I dagsl\u00e4get \u00e4r det snarare det som finns <em>under<\/em> det tunna sn\u00f6t\u00e4cket som kan utg\u00f6ra en fara f\u00f6r skid\u00e5kare. Se upp i backen!<\/p>\n\n\n\n<blockquote class=\"wp-block-quote is-layout-flow wp-block-quote-is-layout-flow\">\n<p>Den nederb\u00f6rdsfattiga starten p\u00e5 vintern g\u00f6r att sn\u00f6t\u00e4cket kan liknas vid en d\u00e5lig grund vid ett husbygge. Det som vilar ovanp\u00e5 blir ostadigt. I s\u00e4msta fall kommer vi att kunna se effekter av den sn\u00f6fattiga s\u00e4songsstarten under stora delen av vintern i form av \u00f6kat antal lavinolyckor.<\/p>\n<cite><strong>Mattias Tarestad<\/strong>&nbsp;lavinexpert vid <a href=\"https:\/\/www.naturvardsverket.se\/om-oss\/aktuellt\/nyheter-och-pressmeddelanden\/besvarlig-lavinvinter-att-vanta-pa-grund-av-tunt-snotacke\/\" target=\"_blank\" rel=\"noreferrer noopener\">Naturv\u00e5rdsverket<\/a><\/cite><\/blockquote>\n\n\n\n<p>Det \u00e4r n\u00e4r det kommer mycket nysn\u00f6 p\u00e5 det instabila underskiktet som det kan bli farligt. Man kan j\u00e4mf\u00f6ra det med ett sn\u00f6ras fr\u00e5n ett pl\u00e5ttak, d\u00e4r ett tungt \u00f6vre lager av sn\u00f6 inte f\u00e5r f\u00e4ste i det glatta underlaget. N\u00e4r sn\u00f6n v\u00e4l sl\u00e4pper finns det inget som h\u00e5ller emot. <\/p>\n\n\n\n<h3 class=\"wp-block-heading\">H\u00e5ll dig uppdaterad om lavinrisken<\/h3>\n\n\n\n<p>Om du vill ta det s\u00e4kra f\u00f6r det os\u00e4kra s\u00e5 ser du till att f\u00f6lja <a href=\"https:\/\/lavinprognoser.se\/\" target=\"_blank\" rel=\"noreferrer noopener\">lavinprognoserna<\/a>. Speciellt viktigt \u00e4r det n\u00e4r du beger dig ut i ok\u00e4nda terr\u00e4nger. F\u00f6rh\u00e5llandena kan \u00e4ndras fr\u00e5n en dag till en annan, beroende p\u00e5 mer eller mindre allvarliga v\u00e4deromslag. <br><br>I vanliga preparerade skidbackar finns det personal som h\u00e5ller koll. Skulle det mot f\u00f6rmodan bli aktuellt \u00e4ven d\u00e4r, d\u00e5 l\u00e4r backarna st\u00e4nga om faran blir f\u00f6r stor. <\/p>\n\n\n\n<figure class=\"wp-block-image size-large\"><img decoding=\"async\" width=\"1024\" height=\"683\" data-src=\"https:\/\/www.sixt.se\/magazine\/wp-content\/uploads\/\/sites\/14\/2023\/01\/skidsemester_02-1024x683.jpg\" alt=\"Skid\u00e5kare i slalombacke\" class=\"wp-image-7864 lazyload\" data-srcset=\"https:\/\/www.sixt.se\/magazine\/wp-content\/uploads\/\/sites\/14\/2023\/01\/skidsemester_02-1024x683.jpg 1024w, https:\/\/www.sixt.se\/magazine\/wp-content\/uploads\/\/sites\/14\/2023\/01\/skidsemester_02-300x200.jpg 300w, https:\/\/www.sixt.se\/magazine\/wp-content\/uploads\/\/sites\/14\/2023\/01\/skidsemester_02-768x512.jpg 768w, https:\/\/www.sixt.se\/magazine\/wp-content\/uploads\/\/sites\/14\/2023\/01\/skidsemester_02.jpg 1200w\" data-sizes=\"(max-width: 1024px) 100vw, 1024px\" src=\"data:image\/svg+xml;base64,PHN2ZyB3aWR0aD0iMSIgaGVpZ2h0PSIxIiB4bWxucz0iaHR0cDovL3d3dy53My5vcmcvMjAwMC9zdmciPjwvc3ZnPg==\" style=\"--smush-placeholder-width: 1024px; --smush-placeholder-aspect-ratio: 1024\/683;\" \/><figcaption class=\"wp-element-caption\"><br><\/figcaption><\/figure>\n\n\n\n<h3 class=\"wp-block-heading\">Tillg\u00e4ngliga lavinprognoser f\u00f6r vintern 2022\u20132023<\/h3>\n\n\n\n<p>Naturv\u00e5rdsverket har p\u00e5 sin hemsida publicerat lavinprognoser som g\u00e4ller i olika fj\u00e4llomr\u00e5den, fr\u00e5n s\u00f6dra till norra Norrland, under olika tidsperioder.<br><br>Mellan den <strong>15 december 2022 och den 1 maj 2023<\/strong> r\u00e5der lavinfara i:<br><br>\u2744\ufe0f <strong>V\u00e4stra H\u00e4rjedalsfj\u00e4llen:<\/strong> Fun\u00e4sfj\u00e4llen, Ljungdalen och Helags<br>\u2744\ufe0f <strong>S\u00f6dra J\u00e4mtlandsfj\u00e4llen:<\/strong> \u00c5re, Storulv\u00e5n, Bydalen och Sylarna<br>\u2744\ufe0f <strong>V\u00e4stra Vindelfj\u00e4llen:<\/strong> norr och s\u00f6der om Hemavan\/T\u00e4rnaby<br>\u2744\ufe0f <strong>S\u00f6dra Lapplandsfj\u00e4llen:<\/strong> Kittelfj\u00e4ll, Saxn\u00e4s\/Marsfj\u00e4llet, Gitsfj\u00e4llet och Borgafj\u00e4llsomr\u00e5det<br><br>Mellan den <strong>20 januari och den 14 maj 2023<\/strong> r\u00e5der lavinfara i:<br><br>\u2744\ufe0f <strong>Riksgr\u00e4nsfj\u00e4llen:<\/strong> Abisko, Bj\u00f6rkliden och Riksgr\u00e4nsen\u00a0<br><br>Mellan den <strong>2 mars och den 1 april 2023<\/strong> r\u00e5der lavinfara i:<br><br>\u2744\ufe0f Kebnekaisefj\u00e4llen<\/p>\n\n\n\n<h2 class=\"wp-block-heading\">F\u00f6rbered dig p\u00e5 lavinrisken<\/h2>\n\n\n\n<p>Oavsett v\u00e4der- och sn\u00f6f\u00f6rh\u00e5llanden s\u00e5 \u00e4r det bra att vara beredd p\u00e5 det v\u00e4rsta n\u00e4r du \u00e4r ute i naturen. Laviner \u00e4r bara en av m\u00e5nga faror som lurar i fj\u00e4lltrakterna, och hj\u00e4lpen finns inte alltid n\u00e4ra till hands. <br><br>P\u00e5 <a href=\"https:\/\/lavinprognoser.se\/artiklar\/var-forberedd\/\" target=\"_blank\" rel=\"noreferrer noopener\">Lavinprognosers hemsida<\/a> har man samlat ett antal tips f\u00f6r dig att t\u00e4nka p\u00e5 inf\u00f6r skidsemestern. Vi sammanfattar dem enligt f\u00f6ljande:<br><br>\u2744\ufe0f <strong>H\u00e5ll koll p\u00e5 v\u00e4der- och lavinprognoser:<\/strong> Det kan r\u00e4dda liv redan <em>innan<\/em> olyckan \u00e4r framme.<br><br>\u2744\ufe0f <strong>L\u00e4r dig mer om laviner:<\/strong> G\u00e5 en kurs s\u00e5 att du vet hur du kan klara en lavin om den intr\u00e4ffar.<br><br>\u2744\ufe0f <strong>R\u00e4tt utrustning:<\/strong> En skridsko\u00e5kare b\u00f6r b\u00e4ra med sig isdubbar och en skid\u00e5kare b\u00f6r ha med kompass (eller liknande), v\u00e4rmande plagg, och snacks f\u00f6r extra energi.<br><br>\u2744\ufe0f <strong>\u00c5k tillsammans:<\/strong> Ge dig inte ut ensam, och tala om f\u00f6r n\u00e5gon vart ni tar v\u00e4gen. \u00c5k helst i uppm\u00e4rkta skidbackar och inte <em>offpist<\/em>. Studera omgivningen f\u00f6r att f\u00f6rekomma en lavin.<br><br>\u2744\ufe0f <strong>Flexibla planer:<\/strong> Planera utflykterna, men var \u00f6ppen f\u00f6r \u00e4ndringar om v\u00e4dret blir s\u00e4mre. <br><\/p>\n\n\n\n<hr><\/hr>\n\n\n\n<h4 class=\"wp-block-heading\">L\u00e4s mer&#8230;<\/h4>\n\n\n\n<div class=\"wp-block-columns is-layout-flex wp-container-core-columns-is-layout-9d6595d7 wp-block-columns-is-layout-flex\">\n<div class=\"wp-block-column is-layout-flow wp-block-column-is-layout-flow\" style=\"flex-basis:50%\">\n<figure class=\"wp-block-embed is-type-wp-embed is-provider-sixt-sverige-magazine wp-block-embed-sixt-sverige-magazine\"><div class=\"wp-block-embed__wrapper\">\n<blockquote class=\"wp-embedded-content\" data-secret=\"Q5OcatlTIC\"><a href=\"https:\/\/www.sixt.se\/magazine\/resa\/kiruna\/\">Kiruna \u2013 en m\u00e5ngfasetterad stad i f\u00f6r\u00e4ndring<\/a><\/blockquote><iframe class=\"wp-embedded-content lazyload\" sandbox=\"allow-scripts\" security=\"restricted\" style=\"position: absolute; clip: rect(1px, 1px, 1px, 1px);\" title=\"&#8220;Kiruna \u2013 en m\u00e5ngfasetterad stad i f\u00f6r\u00e4ndring&#8221; &#8212; Sixt Sverige Magazine\" data-src=\"https:\/\/www.sixt.se\/magazine\/resa\/kiruna\/embed\/#?secret=i0vNI7OX7q#?secret=Q5OcatlTIC\" data-secret=\"Q5OcatlTIC\" width=\"500\" height=\"282\" frameborder=\"0\" marginwidth=\"0\" marginheight=\"0\" scrolling=\"no\" src=\"data:image\/svg+xml;base64,PHN2ZyB3aWR0aD0iMSIgaGVpZ2h0PSIxIiB4bWxucz0iaHR0cDovL3d3dy53My5vcmcvMjAwMC9zdmciPjwvc3ZnPg==\" data-load-mode=\"1\"><\/iframe>\n<\/div><\/figure>\n<\/div>\n\n\n\n<div class=\"wp-block-column is-layout-flow wp-block-column-is-layout-flow\" style=\"flex-basis:50%\">\n<figure class=\"wp-block-embed is-type-wp-embed is-provider-sixt-sverige-magazine wp-block-embed-sixt-sverige-magazine\"><div class=\"wp-block-embed__wrapper\">\n<blockquote class=\"wp-embedded-content\" data-secret=\"o31PRJkTTV\"><a href=\"https:\/\/www.sixt.se\/magazine\/resa\/6-svenska-nationalparker\/\">6 svenska nationalparker<\/a><\/blockquote><iframe class=\"wp-embedded-content lazyload\" sandbox=\"allow-scripts\" security=\"restricted\" style=\"position: absolute; clip: rect(1px, 1px, 1px, 1px);\" title=\"&#8220;6 svenska nationalparker&#8221; &#8212; Sixt Sverige Magazine\" data-src=\"https:\/\/www.sixt.se\/magazine\/resa\/6-svenska-nationalparker\/embed\/#?secret=X99pstgAEz#?secret=o31PRJkTTV\" data-secret=\"o31PRJkTTV\" width=\"500\" height=\"282\" frameborder=\"0\" marginwidth=\"0\" marginheight=\"0\" scrolling=\"no\" src=\"data:image\/svg+xml;base64,PHN2ZyB3aWR0aD0iMSIgaGVpZ2h0PSIxIiB4bWxucz0iaHR0cDovL3d3dy53My5vcmcvMjAwMC9zdmciPjwvc3ZnPg==\" data-load-mode=\"1\"><\/iframe>\n<\/div><\/figure>\n<\/div>\n<\/div>\n<!-- AddThis Advanced Settings generic via filter on the_content --><!-- AddThis Share Buttons generic via filter on the_content -->","protected":false},"excerpt":{"rendered":"<p>I \u00e5r \u00e4r sn\u00f6m\u00e4ngden ovanligt l\u00e5g f\u00f6r s\u00e4songen, b\u00e5de i Sverige och utomlands. I \u00d6sterrike och alpregionen k\u00e4mpar m\u00e5nga skidorter f\u00f6r sin \u00f6verlevnad. Bristen p\u00e5 sn\u00f6 leder \u00e4ven till att lavinrisken \u00f6kar, och det \u00e4r n\u00e5got du b\u00f6r t\u00e4nka p\u00e5 n\u00e4r du bokar skidsemestern i \u00e5r. I ett pressmeddelande redan f\u00f6re jul gick Naturv\u00e5rdsverket ut&#8230;<!-- AddThis Advanced Settings generic via filter on get_the_excerpt --><!-- AddThis Share Buttons generic via filter on get_the_excerpt --><\/p>\n","protected":false},"author":57,"featured_media":7863,"comment_status":"open","ping_status":"open","sticky":false,"template":"","format":"standard","meta":{"_genesis_hide_title":false,"_genesis_hide_breadcrumbs":false,"_genesis_hide_singular_image":false,"_genesis_hide_footer_widgets":false,"_genesis_custom_body_class":"","_genesis_custom_post_class":"","_genesis_layout":"","ngg_post_thumbnail":0,"footnotes":""},"categories":[3,8],"tags":[184,183,12,29,108,10],"class_list":{"0":"post-7862","1":"post","2":"type-post","3":"status-publish","4":"format-standard","5":"has-post-thumbnail","7":"category-guider","8":"category-nyheter","9":"tag-fjallen","10":"tag-fjallsemester","11":"tag-semester","12":"tag-skidsemester","13":"tag-svemester","14":"tag-sverige","15":"entry"},"yoast_head":"<!-- This site is optimized with the Yoast SEO plugin v27.1.1 - https:\/\/yoast.com\/product\/yoast-seo-wordpress\/ -->\n<title>Lavinrisken p\u00e5 skidsemestern 2023 - Sixt Sverige Magazine<\/title>\n<meta name=\"description\" content=\"Sn\u00f6m\u00e4ngden i skidbackarna \u00e4r l\u00e5g i \u00e5r, b\u00e5de i Sverige och utomlands. Bristen p\u00e5 sn\u00f6 \u00f6kar lavinrisken, men lavinprognosen kan r\u00e4dda liv!\" \/>\n<meta name=\"robots\" content=\"index, follow, max-snippet:-1, max-image-preview:large, max-video-preview:-1\" \/>\n<link rel=\"canonical\" href=\"https:\/\/www.sixt.se\/magazine\/nyheter\/lavinrisken\/\" \/>\n<meta property=\"og:locale\" content=\"en_US\" \/>\n<meta property=\"og:type\" content=\"article\" \/>\n<meta property=\"og:title\" content=\"Lavinrisken p\u00e5 skidsemestern 2023 - Sixt Sverige Magazine\" \/>\n<meta property=\"og:description\" content=\"Sn\u00f6m\u00e4ngden i skidbackarna \u00e4r l\u00e5g i \u00e5r, b\u00e5de i Sverige och utomlands. Bristen p\u00e5 sn\u00f6 \u00f6kar lavinrisken, men lavinprognosen kan r\u00e4dda liv!\" \/>\n<meta property=\"og:url\" content=\"https:\/\/www.sixt.se\/magazine\/nyheter\/lavinrisken\/\" \/>\n<meta property=\"og:site_name\" content=\"Sixt Sverige Magazine\" \/>\n<meta property=\"article:published_time\" content=\"2023-01-18T16:17:27+00:00\" \/>\n<meta property=\"article:modified_time\" content=\"2023-01-18T16:17:29+00:00\" \/>\n<meta property=\"og:image\" content=\"https:\/\/www.sixt.se\/magazine\/wp-content\/uploads\/\/sites\/14\/2023\/01\/skidsemester.jpg\" \/>\n\t<meta property=\"og:image:width\" content=\"1140\" \/>\n\t<meta property=\"og:image:height\" content=\"729\" \/>\n\t<meta property=\"og:image:type\" content=\"image\/jpeg\" \/>\n<meta name=\"twitter:card\" content=\"summary_large_image\" \/>\n<meta name=\"twitter:label1\" content=\"Written by\" \/>\n\t<meta name=\"twitter:data1\" content=\"\" \/>\n\t<meta name=\"twitter:label2\" content=\"Est. reading time\" \/>\n\t<meta name=\"twitter:data2\" content=\"3 minutes\" \/>\n<!-- \/ Yoast SEO plugin. -->","yoast_head_json":{"title":"Lavinrisken p\u00e5 skidsemestern 2023 - Sixt Sverige Magazine","description":"Sn\u00f6m\u00e4ngden i skidbackarna \u00e4r l\u00e5g i \u00e5r, b\u00e5de i Sverige och utomlands. Bristen p\u00e5 sn\u00f6 \u00f6kar lavinrisken, men lavinprognosen kan r\u00e4dda liv!","robots":{"index":"index","follow":"follow","max-snippet":"max-snippet:-1","max-image-preview":"max-image-preview:large","max-video-preview":"max-video-preview:-1"},"canonical":"https:\/\/www.sixt.se\/magazine\/nyheter\/lavinrisken\/","og_locale":"en_US","og_type":"article","og_title":"Lavinrisken p\u00e5 skidsemestern 2023 - Sixt Sverige Magazine","og_description":"Sn\u00f6m\u00e4ngden i skidbackarna \u00e4r l\u00e5g i \u00e5r, b\u00e5de i Sverige och utomlands. Bristen p\u00e5 sn\u00f6 \u00f6kar lavinrisken, men lavinprognosen kan r\u00e4dda liv!","og_url":"https:\/\/www.sixt.se\/magazine\/nyheter\/lavinrisken\/","og_site_name":"Sixt Sverige Magazine","article_published_time":"2023-01-18T16:17:27+00:00","article_modified_time":"2023-01-18T16:17:29+00:00","og_image":[{"width":1140,"height":729,"url":"https:\/\/www.sixt.se\/magazine\/wp-content\/uploads\/\/sites\/14\/2023\/01\/skidsemester.jpg","type":"image\/jpeg"}],"twitter_card":"summary_large_image","twitter_misc":{"Written by":"","Est. reading time":"3 minutes"},"schema":{"@context":"https:\/\/schema.org","@graph":[{"@type":"Article","@id":"https:\/\/www.sixt.se\/magazine\/nyheter\/lavinrisken\/#article","isPartOf":{"@id":"https:\/\/www.sixt.se\/magazine\/nyheter\/lavinrisken\/"},"author":{"name":"","@id":""},"headline":"Lavinrisken p\u00e5 skidsemestern 2023","datePublished":"2023-01-18T16:17:27+00:00","dateModified":"2023-01-18T16:17:29+00:00","mainEntityOfPage":{"@id":"https:\/\/www.sixt.se\/magazine\/nyheter\/lavinrisken\/"},"wordCount":692,"commentCount":0,"image":{"@id":"https:\/\/www.sixt.se\/magazine\/nyheter\/lavinrisken\/#primaryimage"},"thumbnailUrl":"https:\/\/www.sixt.se\/magazine\/wp-content\/uploads\/\/sites\/14\/2023\/01\/skidsemester.jpg","keywords":["Fj\u00e4llen","Fj\u00e4llsemester","semester","skidsemester","svemester","Sverige"],"articleSection":["Guider och tips","Nyheter"],"inLanguage":"en-US","potentialAction":[{"@type":"CommentAction","name":"Comment","target":["https:\/\/www.sixt.se\/magazine\/nyheter\/lavinrisken\/#respond"]}]},{"@type":"WebPage","@id":"https:\/\/www.sixt.se\/magazine\/nyheter\/lavinrisken\/","url":"https:\/\/www.sixt.se\/magazine\/nyheter\/lavinrisken\/","name":"Lavinrisken p\u00e5 skidsemestern 2023 - Sixt Sverige Magazine","isPartOf":{"@id":"https:\/\/www.sixt.se\/magazine\/#website"},"primaryImageOfPage":{"@id":"https:\/\/www.sixt.se\/magazine\/nyheter\/lavinrisken\/#primaryimage"},"image":{"@id":"https:\/\/www.sixt.se\/magazine\/nyheter\/lavinrisken\/#primaryimage"},"thumbnailUrl":"https:\/\/www.sixt.se\/magazine\/wp-content\/uploads\/\/sites\/14\/2023\/01\/skidsemester.jpg","datePublished":"2023-01-18T16:17:27+00:00","dateModified":"2023-01-18T16:17:29+00:00","author":{"@id":""},"description":"Sn\u00f6m\u00e4ngden i skidbackarna \u00e4r l\u00e5g i \u00e5r, b\u00e5de i Sverige och utomlands. Bristen p\u00e5 sn\u00f6 \u00f6kar lavinrisken, men lavinprognosen kan r\u00e4dda liv!","breadcrumb":{"@id":"https:\/\/www.sixt.se\/magazine\/nyheter\/lavinrisken\/#breadcrumb"},"inLanguage":"en-US","potentialAction":[{"@type":"ReadAction","target":["https:\/\/www.sixt.se\/magazine\/nyheter\/lavinrisken\/"]}]},{"@type":"ImageObject","inLanguage":"en-US","@id":"https:\/\/www.sixt.se\/magazine\/nyheter\/lavinrisken\/#primaryimage","url":"https:\/\/www.sixt.se\/magazine\/wp-content\/uploads\/\/sites\/14\/2023\/01\/skidsemester.jpg","contentUrl":"https:\/\/www.sixt.se\/magazine\/wp-content\/uploads\/\/sites\/14\/2023\/01\/skidsemester.jpg","width":1140,"height":729,"caption":"Lavinrisken p\u00e5 skidsemestern 2023: snowboard\u00e5kare"},{"@type":"BreadcrumbList","@id":"https:\/\/www.sixt.se\/magazine\/nyheter\/lavinrisken\/#breadcrumb","itemListElement":[{"@type":"ListItem","position":1,"name":"Home","item":"https:\/\/www.sixt.se\/magazine\/"},{"@type":"ListItem","position":2,"name":"Lavinrisken p\u00e5 skidsemestern 2023"}]},{"@type":"WebSite","@id":"https:\/\/www.sixt.se\/magazine\/#website","url":"https:\/\/www.sixt.se\/magazine\/","name":"Sixt Sverige Magazine","description":"Nyheter och resetips fr\u00e5n SIXT","potentialAction":[{"@type":"SearchAction","target":{"@type":"EntryPoint","urlTemplate":"https:\/\/www.sixt.se\/magazine\/?s={search_term_string}"},"query-input":{"@type":"PropertyValueSpecification","valueRequired":true,"valueName":"search_term_string"}}],"inLanguage":"en-US"},{"@type":"Person","@id":"","url":"https:\/\/www.sixt.se\/magazine\/author\/"}]}},"_links":{"self":[{"href":"https:\/\/www.sixt.se\/magazine\/wp-json\/wp\/v2\/posts\/7862","targetHints":{"allow":["GET"]}}],"collection":[{"href":"https:\/\/www.sixt.se\/magazine\/wp-json\/wp\/v2\/posts"}],"about":[{"href":"https:\/\/www.sixt.se\/magazine\/wp-json\/wp\/v2\/types\/post"}],"author":[{"embeddable":true,"href":"https:\/\/www.sixt.se\/magazine\/wp-json\/wp\/v2\/users\/57"}],"replies":[{"embeddable":true,"href":"https:\/\/www.sixt.se\/magazine\/wp-json\/wp\/v2\/comments?post=7862"}],"version-history":[{"count":0,"href":"https:\/\/www.sixt.se\/magazine\/wp-json\/wp\/v2\/posts\/7862\/revisions"}],"wp:featuredmedia":[{"embeddable":true,"href":"https:\/\/www.sixt.se\/magazine\/wp-json\/wp\/v2\/media\/7863"}],"wp:attachment":[{"href":"https:\/\/www.sixt.se\/magazine\/wp-json\/wp\/v2\/media?parent=7862"}],"wp:term":[{"taxonomy":"category","embeddable":true,"href":"https:\/\/www.sixt.se\/magazine\/wp-json\/wp\/v2\/categories?post=7862"},{"taxonomy":"post_tag","embeddable":true,"href":"https:\/\/www.sixt.se\/magazine\/wp-json\/wp\/v2\/tags?post=7862"}],"curies":[{"name":"wp","href":"https:\/\/api.w.org\/{rel}","templated":true}]}}