{"id":836,"date":"2019-03-04T14:08:48","date_gmt":"2019-03-04T14:08:48","guid":{"rendered":"\/magazine\/?p=836"},"modified":"2019-10-29T13:42:11","modified_gmt":"2019-10-29T13:42:11","slug":"roadtrip-pa-osterlen-sveriges-eget-provence","status":"publish","type":"post","link":"https:\/\/www.sixt.se\/magazine\/resa\/roadtrip-pa-osterlen-sveriges-eget-provence\/","title":{"rendered":"Roadtrip p\u00e5 \u00d6sterlen \u2013 Sveriges eget Provence"},"content":{"rendered":"<p><strong>Som \u201dnorrl\u00e4nning\u201d kan det bli tr\u00f6ttsamt att h\u00f6ra hur fantastiskt s\u00f6dra Sverige \u00e4r. Norra lands\u00e4ndan \u00e4r inte lika l\u00e4ttillg\u00e4nglig och d\u00e4rf\u00f6r inte lika popul\u00e4r. Samtidigt g\u00e5r det inte att komma ifr\u00e5n att det finns m\u00e5nga vackra platser i Sveriges avl\u00e5nga land. En som \u00e4r speciellt v\u00e4rd att n\u00e4mna \u00e4r \u00d6sterlen i Sk\u00e5ne. Den som bes\u00f6ker Sverige f\u00f6r f\u00f6rsta g\u00e5ngen, eller vill g\u00f6ra en <a href=\"https:\/\/www.sixt.se\/biluthyrning\/sverige\/kristianstad\" target=\"_blank\" rel=\"noopener noreferrer\">rundresa med bil<\/a>, b\u00f6r \u00e5tminstone k\u00f6ra igenom \u00d6sterlen. Om du s\u00f6ker mysiga byar, havsutsikt, historia och konstutst\u00e4llningar \u2013 d\u00e5 har du kommit r\u00e4tt!<\/strong><\/p>\n<p><img decoding=\"async\" class=\"aligncenter wp-image-846 size-full lazyload\" data-src=\"https:\/\/se.sx-magazine-wp.sixt.io\/magazine\/wp-content\/uploads\/sites\/14\/2019\/02\/road-trip-hors-des-sentiers-battus-suede-osterlen.jpg\" alt=\"\u00d6sterlen kallas Sveriges Provence\" width=\"100%\" height=\"720\" data-srcset=\"https:\/\/www.sixt.se\/magazine\/wp-content\/uploads\/\/sites\/14\/2019\/02\/road-trip-hors-des-sentiers-battus-suede-osterlen.jpg 1080w, https:\/\/www.sixt.se\/magazine\/wp-content\/uploads\/\/sites\/14\/2019\/02\/road-trip-hors-des-sentiers-battus-suede-osterlen-300x200.jpg 300w, https:\/\/www.sixt.se\/magazine\/wp-content\/uploads\/\/sites\/14\/2019\/02\/road-trip-hors-des-sentiers-battus-suede-osterlen-768x512.jpg 768w, https:\/\/www.sixt.se\/magazine\/wp-content\/uploads\/\/sites\/14\/2019\/02\/road-trip-hors-des-sentiers-battus-suede-osterlen-1024x683.jpg 1024w\" data-sizes=\"(max-width: 1080px) 100vw, 1080px\" src=\"data:image\/svg+xml;base64,PHN2ZyB3aWR0aD0iMSIgaGVpZ2h0PSIxIiB4bWxucz0iaHR0cDovL3d3dy53My5vcmcvMjAwMC9zdmciPjwvc3ZnPg==\" \/><\/p>\n<p>Varje v\u00e5r i mars-april anordnas <a href=\"https:\/\/www.oskg.nu\/konstrundan\" target=\"_blank\" rel=\"noopener noreferrer\">Konstveckan i \u00d6stra Sk\u00e5ne<\/a>\u00a0(oftast i samband med p\u00e5sk). D\u00e5 \u00f6ppnar bygdens alla konstn\u00e4rer upp sina atelj\u00e9er, kaffet och kakorna dukas fram och gemytet tar sin b\u00f6rjan. \u00d6sterlen \u00e4r k\u00e4nt f\u00f6r att locka till sig konstn\u00e4rliga och kreativa m\u00e4nniskor, och m\u00e5nga k\u00e4nda svenskar har genom tiderna varit aktiva h\u00e4r. Inte minst <a href=\"https:\/\/hasseotagemuseet.se\/hasse_o_tage\/om%20hasse%20%26%20tage.html\" target=\"_blank\" rel=\"noopener noreferrer\">Hasse och Tage<\/a> spelade in flera av sina ikoniska filmer p\u00e5 \u00d6sterlen. <a href=\"https:\/\/hasseotagemuseet.se\/\" target=\"_blank\" rel=\"noopener noreferrer\">V\u00e4rldens minsta filmmuseum<\/a> till deras \u00e4ra ligger ocks\u00e5 h\u00e4r. N\u00e4rmare best\u00e4mt i <strong>Tomelilla<\/strong>.<\/p>\n<h3>Br\u00f6sarps backar \u2013 den riktiga &#8220;Bregottfabriken&#8221;<\/h3>\n<p>Om du inte \u00e4r intresserad av konst och kulturellt myspys, d\u00e5 kanske naturen kan locka? Under m\u00e5nga \u00e5r har svenska tv-tittare betraktat kossorna i <a href=\"https:\/\/www.youtube.com\/results?search_query=bregottfabriken\" target=\"_blank\" rel=\"noopener noreferrer\">Bregottfabriken<\/a> under reklampauserna. Det \u00e4r just h\u00e4r \u2013 i det b\u00f6ljande gr\u00f6na landskapet p\u00e5 <a href=\"https:\/\/brosarp.se\/\" target=\"_blank\" rel=\"noopener noreferrer\">Br\u00f6sarps backar<\/a> p\u00e5 \u00d6sterlen \u2013 som korna i filmerna njuter av sitt sommarbete. Br\u00f6sarp \u00e4r en liten ort som h\u00f6r till Simrishamns kommun, och backarna \u00e4r en del av ett stort naturreservat. Br\u00f6sarps backar bes\u00f6ker du helst p\u00e5 sommaren, men du hittar \u00e4ven ett brett urval av evenemang under vinterhalv\u00e5ret.<\/p>\n<p><img decoding=\"async\" class=\"aligncenter wp-image-841 size-full lazyload\" data-src=\"https:\/\/se.sx-magazine-wp.sixt.io\/magazine\/wp-content\/uploads\/sites\/14\/2019\/02\/kaseberga-1886861_1920.jpg\" alt=\"K\u00e5seberga hamn\" width=\"1920\" height=\"1285\" data-srcset=\"https:\/\/www.sixt.se\/magazine\/wp-content\/uploads\/\/sites\/14\/2019\/02\/kaseberga-1886861_1920.jpg 1920w, https:\/\/www.sixt.se\/magazine\/wp-content\/uploads\/\/sites\/14\/2019\/02\/kaseberga-1886861_1920-300x201.jpg 300w, https:\/\/www.sixt.se\/magazine\/wp-content\/uploads\/\/sites\/14\/2019\/02\/kaseberga-1886861_1920-768x514.jpg 768w, https:\/\/www.sixt.se\/magazine\/wp-content\/uploads\/\/sites\/14\/2019\/02\/kaseberga-1886861_1920-1024x685.jpg 1024w\" data-sizes=\"(max-width: 1920px) 100vw, 1920px\" src=\"data:image\/svg+xml;base64,PHN2ZyB3aWR0aD0iMSIgaGVpZ2h0PSIxIiB4bWxucz0iaHR0cDovL3d3dy53My5vcmcvMjAwMC9zdmciPjwvc3ZnPg==\" style=\"--smush-placeholder-width: 1920px; --smush-placeholder-aspect-ratio: 1920\/1285;\" \/><\/p>\n<h3>Smaka p\u00e5 \u00d6sterlen: cider, god mat och handgjord choklad<\/h3>\n<p>Fr\u00e5n Br\u00f6sarp tar det 10-15 minuter att k\u00f6ra till <strong>Kivik<\/strong>, k\u00e4nt f\u00f6r sitt <a href=\"https:\/\/www.kiviksmusteri.se\/sv\/\" target=\"_blank\" rel=\"noopener noreferrer\">musteri<\/a> och magnifika <a href=\"https:\/\/www.sverigesnationalparker.se\/park\/stenshuvuds-nationalpark\/\" target=\"_blank\" rel=\"noopener noreferrer\">nationalparken Stenshuvud<\/a>. <em>Stenshuvud<\/em> \u00e4r \u00e4ven ett berg som tillsammans med havet och den vidstr\u00e4ckta sandstranden r\u00e4knas till huvudattraktionerna. Omr\u00e5det har fina vandringsleder ifall du beh\u00f6ver str\u00e4cka p\u00e5 benen. I Kivik kan du \u00e4ven bokstavligt talat smaka p\u00e5 \u00d6sterlen. Musteriet har l\u00e5nga anor och erbjuder produkter som exempelvis cider och marmelader. F\u00f6r att njuta en unik m\u00e5ltid med havsutsikt rekommenderas en drygt 45 minuters \u00e5ktur s\u00f6derut till <a href=\"https:\/\/cafebistro.se\/\" target=\"_blank\" rel=\"noopener noreferrer\">K\u00e5seberga Caf\u00e9 &amp; Bistro<\/a>. Om du passerar Sk\u00e5ne-Tran\u00e5s p\u00e5 v\u00e4gen kan du g\u00f6ra ett kort stopp vid chokladfabriken <a href=\"https:\/\/www.osterlenchoklad.se\/\" target=\"_blank\" rel=\"noopener noreferrer\">\u00d6sterlenchoklad<\/a>\u00a0f\u00f6r att inhandla efterr\u00e4tten.<\/p>\n<p><img decoding=\"async\" class=\"aligncenter wp-image-839 size-full lazyload\" data-src=\"https:\/\/se.sx-magazine-wp.sixt.io\/magazine\/wp-content\/uploads\/sites\/14\/2019\/02\/ales-stenar-3399474_1920.jpg\" alt=\"Ale stenar\" width=\"1920\" height=\"1285\" data-srcset=\"https:\/\/www.sixt.se\/magazine\/wp-content\/uploads\/\/sites\/14\/2019\/02\/ales-stenar-3399474_1920.jpg 1920w, https:\/\/www.sixt.se\/magazine\/wp-content\/uploads\/\/sites\/14\/2019\/02\/ales-stenar-3399474_1920-300x201.jpg 300w, https:\/\/www.sixt.se\/magazine\/wp-content\/uploads\/\/sites\/14\/2019\/02\/ales-stenar-3399474_1920-768x514.jpg 768w, https:\/\/www.sixt.se\/magazine\/wp-content\/uploads\/\/sites\/14\/2019\/02\/ales-stenar-3399474_1920-1024x685.jpg 1024w\" data-sizes=\"(max-width: 1920px) 100vw, 1920px\" src=\"data:image\/svg+xml;base64,PHN2ZyB3aWR0aD0iMSIgaGVpZ2h0PSIxIiB4bWxucz0iaHR0cDovL3d3dy53My5vcmcvMjAwMC9zdmciPjwvc3ZnPg==\" style=\"--smush-placeholder-width: 1920px; --smush-placeholder-aspect-ratio: 1920\/1285;\" \/><\/p>\n<h3>Ta in den m\u00e4ktiga atmosf\u00e4ren vid Ale stenar<\/h3>\n<p>F\u00f6r den historieintresserade finns mycket att se p\u00e5 \u00d6sterlen. Fr\u00e5n K\u00e5seberga \u00e4r det n\u00e4ra till Sveriges egna <em>Stonehenge<\/em>, <strong>Ale stenar<\/strong>. H\u00f6gsta m\u00f6jliga magi upplever du h\u00e4r vid solens upp- eller nedg\u00e5ng. En 30 minuters bilf\u00e4rd l\u00e4ngre norrut kan du leva ut dina <em>Game of Thrones<\/em>-dr\u00f6mmar i den medeltida borgen <a href=\"https:\/\/www.raa.se\/glimmingehus\/\" target=\"_blank\" rel=\"noopener noreferrer\">Glimmingehus<\/a>. Borgen \u00e4r den b\u00e4st bevarade i hela Norden och var ursprungligen hem \u00e5t riddaren Jens Holgersen Ulstand under 1500-talet. Glimmingehus har \u00f6ppet hela \u00e5ret, men kolla\u00a0f\u00f6r s\u00e4kerhets skull \u00f6ppettiderna\u00a0p\u00e5 hemsidan innan bes\u00f6ket.<\/p>\n<p>Som avslutning kan du forts\u00e4tta f\u00e4rden mot Sveriges sydligaste udde i <strong>Smygehuk<\/strong>. Den gamla fyren \u00e4r numera en sp\u00e4nnande sev\u00e4rdhet, och fyrvaktarens bostad fungerar som vandrarhem.<\/p>\n<p>Text: <a href=\"https:\/\/www.sixt.se\/magazine\/author\/ingrid\/\">Ingrid Carlsson<\/a><\/p>\n<p><em>Artikeln \u00e4r den \u00e5ttonde och sista i en serie f\u00f6r att presentera medarbetarna p\u00e5 webbredaktionen e-Sixt, samt v\u00e5ra respektive heml\u00e4nder. Mycket n\u00f6je!<\/em><\/p>\n<h3>F\u00c4RDBESKRIVNING: BR\u00d6SARPS BACKAR \u2013 SMYGEHUK<\/h3>\n<p><strong>TIDS\u00c5TG\u00c5NG:<\/strong>\u00a0 \u00a0 \u00a0 \u00a02 timmar och\u00a035 minuter<br \/>\n<strong>K\u00d6RSTR\u00c4CKA:<\/strong>\u00a0 \u00a0 \u00a0 143 km<\/p>\n<iframe data-src=\"https:\/\/www.google.com\/maps\/embed?pb=!1m70!1m12!1m3!1d289047.46374547423!2d13.530668543565005!3d55.529176228473936!2m3!1f0!2f0!3f0!3m2!1i1024!2i768!4f13.1!4m55!3e0!4m5!1s0x46546cda3b910831%3A0x6e7352ea9d3350b!2sBr%C3%B6sarps+backar%2C+Tomelilla%2C+Sverige!3m2!1d55.7192084!2d14.131027999999999!4m5!1s0x465441da6ee8c159%3A0x28e62d896452e814!2sKivik%2C+Sverige!3m2!1d55.685038999999996!2d14.226592799999999!4m5!1s0x465441e660017ca5%3A0xe78735239d3000ae!2sStenshuvud+nationalpark%2C+Simrishamn+N%2C+Sverige!3m2!1d55.656183999999996!2d14.268711099999999!4m5!1s0x46546fb9f8de266b%3A0xf3ebd34c025681b8!2zU2vDpW5lIFRyYW7DpXMsIFN2ZXJpZ2U!3m2!1d55.6132875!2d13.993440699999999!4m5!1s0x465465188929386f%3A0x1531de750a81bc2c!2sTomelilla%2C+Sverige!3m2!1d55.543549999999996!2d13.954839999999999!4m5!1s0x46545dacd2e1fe11%3A0x6f49cb717eee5309!2sGlimmingehus%2C+Hammenh%C3%B6g%2C+Sverige!3m2!1d55.5012671!2d14.2308072!4m5!1s0x46548a9ed72a87ff%3A0x220e1d68a10db81e!2sK%C3%A5seberga%2C+Sverige!3m2!1d55.3865519!2d14.0651143!4m5!1s0x46548a97136ca941%3A0x8d72587a9611f7db!2sAles+stenar%2C+L%C3%B6derup%2C+Sverige!3m2!1d55.38247!2d14.054738599999999!4m5!1s0x46537b09e3ab25e9%3A0x8c9652d9efd02ed7!2sSmygehuk+Fyr%2C+Smyge+strandv%C3%A4g%2C+Smygehamn%2C+Sverige!3m2!1d55.338484699999995!2d13.3529719!5e0!3m2!1ssv!2sde!4v1550484829930\" width=\"1540\" height=\"500\" frameborder=\"0\" scrolling=\"auto\"  src=\"data:image\/svg+xml;base64,PHN2ZyB3aWR0aD0iMSIgaGVpZ2h0PSIxIiB4bWxucz0iaHR0cDovL3d3dy53My5vcmcvMjAwMC9zdmciPjwvc3ZnPg==\" class=\"lazyload\" data-load-mode=\"1\"><\/iframe>\n<!-- AddThis Advanced Settings generic via filter on the_content --><!-- AddThis Share Buttons generic via filter on the_content -->","protected":false},"excerpt":{"rendered":"<p>Som \u201dnorrl\u00e4nning\u201d kan det bli tr\u00f6ttsamt att h\u00f6ra hur fantastiskt s\u00f6dra Sverige \u00e4r. Norra lands\u00e4ndan \u00e4r inte lika l\u00e4ttillg\u00e4nglig och d\u00e4rf\u00f6r inte lika popul\u00e4r. Samtidigt g\u00e5r det inte att komma ifr\u00e5n att det finns m\u00e5nga vackra platser i Sveriges avl\u00e5nga land. En som \u00e4r speciellt v\u00e4rd att n\u00e4mna \u00e4r \u00d6sterlen i Sk\u00e5ne. Den som bes\u00f6ker&#8230;<!-- AddThis Advanced Settings generic via filter on get_the_excerpt --><!-- AddThis Share Buttons generic via filter on get_the_excerpt --><\/p>\n","protected":false},"author":57,"featured_media":846,"comment_status":"open","ping_status":"open","sticky":false,"template":"","format":"standard","meta":{"_genesis_hide_title":false,"_genesis_hide_breadcrumbs":false,"_genesis_hide_singular_image":false,"_genesis_hide_footer_widgets":false,"_genesis_custom_body_class":"","_genesis_custom_post_class":"","_genesis_layout":"full-width-content","ngg_post_thumbnail":0,"footnotes":""},"categories":[6],"tags":[18,21,10],"class_list":{"0":"post-836","1":"post","2":"type-post","3":"status-publish","4":"format-standard","5":"has-post-thumbnail","7":"category-resa","8":"tag-bilsemester","9":"tag-osterlen","10":"tag-sverige","11":"entry"},"yoast_head":"<!-- This site is optimized with the Yoast SEO plugin v27.1.1 - https:\/\/yoast.com\/product\/yoast-seo-wordpress\/ -->\n<title>Roadtrip p\u00e5 \u00d6sterlen \u2013 Sveriges eget Provence  - Sixt Sverige Magazine<\/title>\n<meta name=\"description\" content=\"Den som \u00e5ker till Sverige f\u00f6r f\u00f6rsta g\u00e5ngen, eller vill g\u00f6ra en bilresa, b\u00f6r bes\u00f6ka \u00d6sterlen. Njut av mysiga byar, havsutsikt, historia och konstutst\u00e4llningar.\" \/>\n<meta name=\"robots\" content=\"index, follow, max-snippet:-1, max-image-preview:large, max-video-preview:-1\" \/>\n<link rel=\"canonical\" href=\"https:\/\/www.sixt.se\/magazine\/resa\/roadtrip-pa-osterlen-sveriges-eget-provence\/\" \/>\n<meta property=\"og:locale\" content=\"en_US\" \/>\n<meta property=\"og:type\" content=\"article\" \/>\n<meta property=\"og:title\" content=\"Roadtrip p\u00e5 \u00d6sterlen \u2013 Sveriges eget Provence  - Sixt Sverige Magazine\" \/>\n<meta property=\"og:description\" content=\"Den som \u00e5ker till Sverige f\u00f6r f\u00f6rsta g\u00e5ngen, eller vill g\u00f6ra en bilresa, b\u00f6r bes\u00f6ka \u00d6sterlen. Njut av mysiga byar, havsutsikt, historia och konstutst\u00e4llningar.\" \/>\n<meta property=\"og:url\" content=\"https:\/\/www.sixt.se\/magazine\/resa\/roadtrip-pa-osterlen-sveriges-eget-provence\/\" \/>\n<meta property=\"og:site_name\" content=\"Sixt Sverige Magazine\" \/>\n<meta property=\"article:published_time\" content=\"2019-03-04T14:08:48+00:00\" \/>\n<meta property=\"article:modified_time\" content=\"2019-10-29T13:42:11+00:00\" \/>\n<meta property=\"og:image\" content=\"https:\/\/www.sixt.se\/magazine\/wp-content\/uploads\/\/sites\/14\/2019\/02\/road-trip-hors-des-sentiers-battus-suede-osterlen.jpg\" \/>\n\t<meta property=\"og:image:width\" content=\"1080\" \/>\n\t<meta property=\"og:image:height\" content=\"720\" \/>\n\t<meta property=\"og:image:type\" content=\"image\/jpeg\" \/>\n<meta name=\"twitter:card\" content=\"summary_large_image\" \/>\n<meta name=\"twitter:label1\" content=\"Written by\" \/>\n\t<meta name=\"twitter:data1\" content=\"\" \/>\n\t<meta name=\"twitter:label2\" content=\"Est. reading time\" \/>\n\t<meta name=\"twitter:data2\" content=\"4 minutes\" \/>\n<!-- \/ Yoast SEO plugin. -->","yoast_head_json":{"title":"Roadtrip p\u00e5 \u00d6sterlen \u2013 Sveriges eget Provence  - Sixt Sverige Magazine","description":"Den som \u00e5ker till Sverige f\u00f6r f\u00f6rsta g\u00e5ngen, eller vill g\u00f6ra en bilresa, b\u00f6r bes\u00f6ka \u00d6sterlen. Njut av mysiga byar, havsutsikt, historia och konstutst\u00e4llningar.","robots":{"index":"index","follow":"follow","max-snippet":"max-snippet:-1","max-image-preview":"max-image-preview:large","max-video-preview":"max-video-preview:-1"},"canonical":"https:\/\/www.sixt.se\/magazine\/resa\/roadtrip-pa-osterlen-sveriges-eget-provence\/","og_locale":"en_US","og_type":"article","og_title":"Roadtrip p\u00e5 \u00d6sterlen \u2013 Sveriges eget Provence  - Sixt Sverige Magazine","og_description":"Den som \u00e5ker till Sverige f\u00f6r f\u00f6rsta g\u00e5ngen, eller vill g\u00f6ra en bilresa, b\u00f6r bes\u00f6ka \u00d6sterlen. Njut av mysiga byar, havsutsikt, historia och konstutst\u00e4llningar.","og_url":"https:\/\/www.sixt.se\/magazine\/resa\/roadtrip-pa-osterlen-sveriges-eget-provence\/","og_site_name":"Sixt Sverige Magazine","article_published_time":"2019-03-04T14:08:48+00:00","article_modified_time":"2019-10-29T13:42:11+00:00","og_image":[{"width":1080,"height":720,"url":"https:\/\/www.sixt.se\/magazine\/wp-content\/uploads\/\/sites\/14\/2019\/02\/road-trip-hors-des-sentiers-battus-suede-osterlen.jpg","type":"image\/jpeg"}],"twitter_card":"summary_large_image","twitter_misc":{"Written by":"","Est. reading time":"4 minutes"},"schema":{"@context":"https:\/\/schema.org","@graph":[{"@type":"Article","@id":"https:\/\/www.sixt.se\/magazine\/resa\/roadtrip-pa-osterlen-sveriges-eget-provence\/#article","isPartOf":{"@id":"https:\/\/www.sixt.se\/magazine\/resa\/roadtrip-pa-osterlen-sveriges-eget-provence\/"},"author":{"name":"","@id":""},"headline":"Roadtrip p\u00e5 \u00d6sterlen \u2013 Sveriges eget Provence","datePublished":"2019-03-04T14:08:48+00:00","dateModified":"2019-10-29T13:42:11+00:00","mainEntityOfPage":{"@id":"https:\/\/www.sixt.se\/magazine\/resa\/roadtrip-pa-osterlen-sveriges-eget-provence\/"},"wordCount":861,"commentCount":0,"image":{"@id":"https:\/\/www.sixt.se\/magazine\/resa\/roadtrip-pa-osterlen-sveriges-eget-provence\/#primaryimage"},"thumbnailUrl":"https:\/\/www.sixt.se\/magazine\/wp-content\/uploads\/\/sites\/14\/2019\/02\/road-trip-hors-des-sentiers-battus-suede-osterlen.jpg","keywords":["bilsemester","\u00d6sterlen","Sverige"],"articleSection":["Resor"],"inLanguage":"en-US","potentialAction":[{"@type":"CommentAction","name":"Comment","target":["https:\/\/www.sixt.se\/magazine\/resa\/roadtrip-pa-osterlen-sveriges-eget-provence\/#respond"]}]},{"@type":"WebPage","@id":"https:\/\/www.sixt.se\/magazine\/resa\/roadtrip-pa-osterlen-sveriges-eget-provence\/","url":"https:\/\/www.sixt.se\/magazine\/resa\/roadtrip-pa-osterlen-sveriges-eget-provence\/","name":"Roadtrip p\u00e5 \u00d6sterlen \u2013 Sveriges eget Provence - Sixt Sverige Magazine","isPartOf":{"@id":"https:\/\/www.sixt.se\/magazine\/#website"},"primaryImageOfPage":{"@id":"https:\/\/www.sixt.se\/magazine\/resa\/roadtrip-pa-osterlen-sveriges-eget-provence\/#primaryimage"},"image":{"@id":"https:\/\/www.sixt.se\/magazine\/resa\/roadtrip-pa-osterlen-sveriges-eget-provence\/#primaryimage"},"thumbnailUrl":"https:\/\/www.sixt.se\/magazine\/wp-content\/uploads\/\/sites\/14\/2019\/02\/road-trip-hors-des-sentiers-battus-suede-osterlen.jpg","datePublished":"2019-03-04T14:08:48+00:00","dateModified":"2019-10-29T13:42:11+00:00","author":{"@id":""},"description":"Den som \u00e5ker till Sverige f\u00f6r f\u00f6rsta g\u00e5ngen, eller vill g\u00f6ra en bilresa, b\u00f6r bes\u00f6ka \u00d6sterlen. Njut av mysiga byar, havsutsikt, historia och konstutst\u00e4llningar.","breadcrumb":{"@id":"https:\/\/www.sixt.se\/magazine\/resa\/roadtrip-pa-osterlen-sveriges-eget-provence\/#breadcrumb"},"inLanguage":"en-US","potentialAction":[{"@type":"ReadAction","target":["https:\/\/www.sixt.se\/magazine\/resa\/roadtrip-pa-osterlen-sveriges-eget-provence\/"]}]},{"@type":"ImageObject","inLanguage":"en-US","@id":"https:\/\/www.sixt.se\/magazine\/resa\/roadtrip-pa-osterlen-sveriges-eget-provence\/#primaryimage","url":"https:\/\/www.sixt.se\/magazine\/wp-content\/uploads\/\/sites\/14\/2019\/02\/road-trip-hors-des-sentiers-battus-suede-osterlen.jpg","contentUrl":"https:\/\/www.sixt.se\/magazine\/wp-content\/uploads\/\/sites\/14\/2019\/02\/road-trip-hors-des-sentiers-battus-suede-osterlen.jpg","width":1080,"height":720,"caption":"\u00d6sterlens rapsf\u00e4lt, Sk\u00e5ne"},{"@type":"BreadcrumbList","@id":"https:\/\/www.sixt.se\/magazine\/resa\/roadtrip-pa-osterlen-sveriges-eget-provence\/#breadcrumb","itemListElement":[{"@type":"ListItem","position":1,"name":"Home","item":"https:\/\/www.sixt.se\/magazine\/"},{"@type":"ListItem","position":2,"name":"Roadtrip p\u00e5 \u00d6sterlen \u2013 Sveriges eget Provence"}]},{"@type":"WebSite","@id":"https:\/\/www.sixt.se\/magazine\/#website","url":"https:\/\/www.sixt.se\/magazine\/","name":"Sixt Sverige Magazine","description":"Nyheter och resetips fr\u00e5n SIXT","potentialAction":[{"@type":"SearchAction","target":{"@type":"EntryPoint","urlTemplate":"https:\/\/www.sixt.se\/magazine\/?s={search_term_string}"},"query-input":{"@type":"PropertyValueSpecification","valueRequired":true,"valueName":"search_term_string"}}],"inLanguage":"en-US"},{"@type":"Person","@id":"","url":"https:\/\/www.sixt.se\/magazine\/author\/"}]}},"_links":{"self":[{"href":"https:\/\/www.sixt.se\/magazine\/wp-json\/wp\/v2\/posts\/836","targetHints":{"allow":["GET"]}}],"collection":[{"href":"https:\/\/www.sixt.se\/magazine\/wp-json\/wp\/v2\/posts"}],"about":[{"href":"https:\/\/www.sixt.se\/magazine\/wp-json\/wp\/v2\/types\/post"}],"author":[{"embeddable":true,"href":"https:\/\/www.sixt.se\/magazine\/wp-json\/wp\/v2\/users\/57"}],"replies":[{"embeddable":true,"href":"https:\/\/www.sixt.se\/magazine\/wp-json\/wp\/v2\/comments?post=836"}],"version-history":[{"count":0,"href":"https:\/\/www.sixt.se\/magazine\/wp-json\/wp\/v2\/posts\/836\/revisions"}],"wp:featuredmedia":[{"embeddable":true,"href":"https:\/\/www.sixt.se\/magazine\/wp-json\/wp\/v2\/media\/846"}],"wp:attachment":[{"href":"https:\/\/www.sixt.se\/magazine\/wp-json\/wp\/v2\/media?parent=836"}],"wp:term":[{"taxonomy":"category","embeddable":true,"href":"https:\/\/www.sixt.se\/magazine\/wp-json\/wp\/v2\/categories?post=836"},{"taxonomy":"post_tag","embeddable":true,"href":"https:\/\/www.sixt.se\/magazine\/wp-json\/wp\/v2\/tags?post=836"}],"curies":[{"name":"wp","href":"https:\/\/api.w.org\/{rel}","templated":true}]}}